{"id":39402,"date":"2019-06-08T15:14:04","date_gmt":"2019-06-08T19:14:04","guid":{"rendered":"https:\/\/linitiative.ca\/International\/coupe-dalgerie-crb-jsmb-aujourdhui-a-17h00-bououkaz-nous-sommes-prets-pour-la-finale-et-on-vise-le-trophee\/"},"modified":"2019-06-08T15:14:04","modified_gmt":"2019-06-08T19:14:04","slug":"coupe-dalgerie-crb-jsmb-aujourdhui-a-17h00-bououkaz-nous-sommes-prets-pour-la-finale-et-on-vise-le-trophee","status":"publish","type":"post","link":"https:\/\/linitiative.ca\/International\/coupe-dalgerie-crb-jsmb-aujourdhui-a-17h00-bououkaz-nous-sommes-prets-pour-la-finale-et-on-vise-le-trophee\/","title":{"rendered":"Coupe d&rsquo;Alg\u00e9rie : CRB &#8211; JSMB (aujourd\u2019hui \u00e0 17h00) : Bououkaz : \u00abNous sommes pr\u00eats pour la finale et on vise le troph\u00e9e\u00bb"},"content":{"rendered":"<div readability=\"32\">\n<p>Auteur : <span>H. L.<\/span> <span class=\"time\">samedi 08 juin 2019 11:14<\/span><\/p>\n<\/div>\n<div id=\"post_core\" readability=\"100\">\n<p>Le coach de la formation b\u00e9jaouie, Moez Bououkaz, s\u2019appr\u00eate \u00e0 disputer sa premi\u00e8re finale de son exp\u00e9rience en Alg\u00e9rie. En effet, ayant d\u00e9j\u00e0 driv\u00e9 plusieurs clubs alg\u00e9riens, \u00e0 l\u2019instar du RCR, du MCO et de l\u2019USMBA, le technicien tunisien a atterri \u00e0 B\u00e9ja\u00efa depuis l\u2019hiver dernier en prenant les destin\u00e9es de la barre technique, apr\u00e8s avoir remplac\u00e9 l\u2019ex-coach Mustapha Biskri. D\u2019ailleurs, il a bien voulu \u00e9voquer cette rencontre face \u00e0 la formation du CR Belouizdad qui aura lieu cet apr\u00e8s-midi au stade Mustapha-Tchaker, en affirmant : \u00abNous avons bien pr\u00e9par\u00e9 cette rencontre sur tous les plans et compte l\u2019aborder avec beaucoup de s\u00e9rieux et de s\u00e9r\u00e9nit\u00e9. Nous allons jouer pour remporter le troph\u00e9e et ce, bien que nous soyons conscients que la t\u00e2che ne soit pas facile devant une \u00e9quipe solide du CR Belouizdad, mais nous t\u00e2cherons de faire de notre mieux pour s\u2019imposer et cr\u00e9er l\u2019exploit et la surprise lors de cette finale.\u00bb<\/p>\n<p><strong>\u00abNous accusons quelques manques, mais on affichera une belle prestation\u00bb<\/strong><br \/>Cependant si ce coach a laiss\u00e9 entendre que son \u00e9quipe visera le sacre final \u00e0 l\u2019occasion de cette finale devant le CR Belouizdad, il n\u2019en demeure pas moins qu\u2019il a affich\u00e9 ses appr\u00e9hensions quant \u00e0 certains manques qui ont \u00e9t\u00e9 constat\u00e9s. \u00abJe ne vous cache pas que nous accusons un manque sur le plan pr\u00e9paration, \u00e9tant donn\u00e9 que nous ne sommes pas pr\u00eats totalement pour cette rencontre. Ce n\u2019est pas facile de rester sans comp\u00e9tition durant plus d\u2019un mois et on ne peut rien faire. Mais en d\u00e9pit de tout, nous t\u00e2cherons d\u2019\u00eatre \u00e0 la hauteur des attentes et de bien r\u00e9agir, en pr\u00e9sentant surtunt un bon rendement jusqu\u2019\u00e0 renverser les donn\u00e9es.\u00bb<\/p>\n<p><strong>\u00abLe CRB, une \u00e9quipe solide\u00bb<\/strong><br \/>Evoquant l\u2019adversaire du jour, le CR Belouizdad, le technicien tunisien a d\u00e9clar\u00e9 : \u00abDes fois, on doit reconna\u00eetre certaines choses et de ne pas mentir \u00e0 soi-m\u00eame car, cette \u00e9quipe de CRB est la meilleure au cours de la phase retour qui a livr\u00e9 une belle prestation en montant un meilleur visage. C\u2019est une \u00e9quipe ayant de bons joueurs et demeure dangereuse. Cependant, vu que nous avons r\u00e9ussi \u00e0 atteindre cette finale, donc on doit jouer \u00e0 fond nos chances et faire en sorte de livrer le meilleur rendement possible afin de d\u00e9crocher ce titre et d\u2019honorer nos couleurs.\u00bb<\/p>\n<p><strong>\u00abOn t\u00e2chera de combler les absences\u00bb<\/strong><br \/>A propos des absences qui seront enregistr\u00e9es avec certains titulaires qui ne seront pas pr\u00e9sents, le coach r\u00e9pondra : \u00abCertes, nous allons avoir quelques absences, mais cela fait partie du football et on doit faire avec. Personnellement, j\u2019aurais aim\u00e9 avoir tous les joueurs \u00e0 ma disposition dans cette rencontre, d\u2019autant plus qu\u2019il s\u2019agit de la finale de la Coupe d\u2019Alg\u00e9rie. Toutefois, on doit r\u00e9fl\u00e9chir autrement, car il y a des joueurs qui peuvent assurer.\u00bb<\/p>\n<p><strong>\u00abLes rencontres diff\u00e8rent\u00bb<\/strong><br \/>Par ailleurs, \u00e0 la question que son \u00e9quipe ait d\u00e9j\u00e0 r\u00e9ussi \u00e0 disposer de trois \u00e9quipes \u00e9voluant en Ligue 1 mobilis, ce technicien expliquera : \u00abEvidemment, nous avons d\u00e9j\u00e0 r\u00e9ussi \u00e0 se qualifier aux d\u00e9pends des \u00e9quipes \u00e9voluant en Ligue 1, mais cela s\u2019apparente normale. Nous avons b\u00e9n\u00e9fici\u00e9 de notre qualification face \u00e0 l\u2019ASAM qui s\u2019est jou\u00e9 dans un stade neutre, tandis que nous avons \u00e9volu\u00e9 en aller-retour devant le PAC et l\u2019ESS. Mais les matches diff\u00e8rent et on doit aborder cette finale avec un autre esprit pour tenter de r\u00e9ussir \u00e0 s\u2019imposer et remporter le troph\u00e9e.\u00bb<\/p>\n<p><strong>\u00abJ\u2019esp\u00e8re que je ferai partie de la belle histoire du club\u00bb<\/strong><br \/>Et si son \u00e9quipe remporte sa deuxi\u00e8me \u00e9toile dans son histoire, Bououkaz dira : \u00abChaque technicien r\u00eave de remporter des titres \u00e0 la fin de l\u2019exercice, mais \u00e7a sera une mission difficile. Personnellement, j\u2019esp\u00e8re faire partie en compagnie du reste du club de la belle histoire de cette \u00e9quipe. La JSMB est une grande \u00e9quipe et m\u00e9rite de jouer les premiers r\u00f4les en remportant des titres.\u00bb<br \/>\u00a0<\/p>\n<p><strong>Publi\u00e9 dans :<\/strong> <span>CRB<\/span> <span>JSMB<\/span> <span>Mustapha biskri<\/span> <span>Moez Bououkaz<\/span><\/p>\n<\/div>\n<p>Auteur:<br \/>\n<a href=\"http:\/\/www.lebuteur.com\/article\/detail?titre=crb-jsmb-aujourdhui-a-17h00-bououkaz-nous-sommes-prets-pour-la-finale-et-on-vise-le-trophee&#038;id=89403&#038;utm_source=feedburner&#038;utm_medium=feed&#038;utm_campaign=Feed%3A+GalerieFArtciles+%28Les+derniers+articles++-+lebuteur.com%29\">Cliquez ici pour lire l&rsquo;article depuis sa source.<\/a><\/p>\n","protected":false},"excerpt":{"rendered":"<p>Auteur : H. L. samedi 08 juin 2019 11:14 Le coach de la formation b\u00e9jaouie, Moez Bououkaz, s\u2019appr\u00eate \u00e0 disputer sa premi\u00e8re finale de son exp\u00e9rience en Alg\u00e9rie. En effet, ayant d\u00e9j\u00e0 driv\u00e9 plusieurs clubs alg\u00e9riens, \u00e0 l\u2019instar du RCR, du MCO et de l\u2019USMBA, le technicien tunisien a atterri \u00e0 B\u00e9ja\u00efa depuis l\u2019hiver dernier [&hellip;]<\/p>\n","protected":false},"author":1738,"featured_media":39403,"comment_status":"closed","ping_status":"closed","sticky":false,"template":"","format":"standard","meta":{"fifu_image_url":"","fifu_image_alt":"","footnotes":""},"categories":[53,75],"tags":[],"class_list":["post-39402","post","type-post","status-publish","format-standard","has-post-thumbnail","hentry","category-algerie","category-sport"],"_links":{"self":[{"href":"https:\/\/linitiative.ca\/International\/wp-json\/wp\/v2\/posts\/39402","targetHints":{"allow":["GET"]}}],"collection":[{"href":"https:\/\/linitiative.ca\/International\/wp-json\/wp\/v2\/posts"}],"about":[{"href":"https:\/\/linitiative.ca\/International\/wp-json\/wp\/v2\/types\/post"}],"author":[{"embeddable":true,"href":"https:\/\/linitiative.ca\/International\/wp-json\/wp\/v2\/users\/1738"}],"replies":[{"embeddable":true,"href":"https:\/\/linitiative.ca\/International\/wp-json\/wp\/v2\/comments?post=39402"}],"version-history":[{"count":0,"href":"https:\/\/linitiative.ca\/International\/wp-json\/wp\/v2\/posts\/39402\/revisions"}],"wp:featuredmedia":[{"embeddable":true,"href":"https:\/\/linitiative.ca\/International\/wp-json\/"}],"wp:attachment":[{"href":"https:\/\/linitiative.ca\/International\/wp-json\/wp\/v2\/media?parent=39402"}],"wp:term":[{"taxonomy":"category","embeddable":true,"href":"https:\/\/linitiative.ca\/International\/wp-json\/wp\/v2\/categories?post=39402"},{"taxonomy":"post_tag","embeddable":true,"href":"https:\/\/linitiative.ca\/International\/wp-json\/wp\/v2\/tags?post=39402"}],"curies":[{"name":"wp","href":"https:\/\/api.w.org\/{rel}","templated":true}]}}