{"id":39408,"date":"2019-06-08T15:14:08","date_gmt":"2019-06-08T19:14:08","guid":{"rendered":"https:\/\/linitiative.ca\/International\/international-portugal-ronaldo-devoile-le-secret-de-sa-jeunesse\/"},"modified":"2019-06-08T15:14:08","modified_gmt":"2019-06-08T19:14:08","slug":"international-portugal-ronaldo-devoile-le-secret-de-sa-jeunesse","status":"publish","type":"post","link":"https:\/\/linitiative.ca\/International\/international-portugal-ronaldo-devoile-le-secret-de-sa-jeunesse\/","title":{"rendered":"International : Portugal : Ronaldo d\u00e9voile le secret de sa jeunesse"},"content":{"rendered":"<div readability=\"32\">\n<p>Auteur : <span class=\"time\">samedi 08 juin 2019 12:00<\/span><\/p>\n<\/div>\n<div id=\"post_core\" readability=\"44\">\n<p>Cristiano Ronaldo est revenu sur ses secrets pour continuer de se sentir jeune physiquement et mentalement :\u00a0<\/p>\n<p>\u00ab\u00a0Le secret de ma jeunesse ?\u00a0C&rsquo;est de la pr\u00e9paration, mon \u00e9thique de travail. En tout cas, je me sens bien m\u00eame si j&rsquo;ai 34 ans. Le plus important, c&rsquo;est dans la t\u00eate, c&rsquo;est d&rsquo;\u00eatre motiv\u00e9 et heureux, et je suis mon chemin comme joueur de football, parce que je crois que j&rsquo;ai encore beaucoup \u00e0 donner. Je me sens tr\u00e8s bien\u00a0\u00bb. Des propos relay\u00e9s par Goal.<\/p>\n<p><strong>Publi\u00e9 dans :<\/strong> <span>ronaldo<\/span><\/p>\n<\/div>\n<p>Auteur:<br \/>\n<a href=\"http:\/\/www.lebuteur.com\/article\/detail?titre=portugal-ronaldo-devoile-le-secret-de-sa-jeunesse&#038;id=89409&#038;utm_source=feedburner&#038;utm_medium=feed&#038;utm_campaign=Feed%3A+GalerieFArtciles+%28Les+derniers+articles++-+lebuteur.com%29\">Cliquez ici pour lire l&rsquo;article depuis sa source.<\/a><\/p>\n","protected":false},"excerpt":{"rendered":"<p>Auteur : samedi 08 juin 2019 12:00 Cristiano Ronaldo est revenu sur ses secrets pour continuer de se sentir jeune physiquement et mentalement :\u00a0 \u00ab\u00a0Le secret de ma jeunesse ?\u00a0C&rsquo;est de la pr\u00e9paration, mon \u00e9thique de travail. En tout cas, je me sens bien m\u00eame si j&rsquo;ai 34 ans. Le plus important, c&rsquo;est dans la [&hellip;]<\/p>\n","protected":false},"author":1738,"featured_media":39409,"comment_status":"closed","ping_status":"closed","sticky":false,"template":"","format":"standard","meta":{"fifu_image_url":"","fifu_image_alt":"","footnotes":""},"categories":[53,75],"tags":[],"class_list":["post-39408","post","type-post","status-publish","format-standard","has-post-thumbnail","hentry","category-algerie","category-sport"],"_links":{"self":[{"href":"https:\/\/linitiative.ca\/International\/wp-json\/wp\/v2\/posts\/39408","targetHints":{"allow":["GET"]}}],"collection":[{"href":"https:\/\/linitiative.ca\/International\/wp-json\/wp\/v2\/posts"}],"about":[{"href":"https:\/\/linitiative.ca\/International\/wp-json\/wp\/v2\/types\/post"}],"author":[{"embeddable":true,"href":"https:\/\/linitiative.ca\/International\/wp-json\/wp\/v2\/users\/1738"}],"replies":[{"embeddable":true,"href":"https:\/\/linitiative.ca\/International\/wp-json\/wp\/v2\/comments?post=39408"}],"version-history":[{"count":0,"href":"https:\/\/linitiative.ca\/International\/wp-json\/wp\/v2\/posts\/39408\/revisions"}],"wp:featuredmedia":[{"embeddable":true,"href":"https:\/\/linitiative.ca\/International\/wp-json\/"}],"wp:attachment":[{"href":"https:\/\/linitiative.ca\/International\/wp-json\/wp\/v2\/media?parent=39408"}],"wp:term":[{"taxonomy":"category","embeddable":true,"href":"https:\/\/linitiative.ca\/International\/wp-json\/wp\/v2\/categories?post=39408"},{"taxonomy":"post_tag","embeddable":true,"href":"https:\/\/linitiative.ca\/International\/wp-json\/wp\/v2\/tags?post=39408"}],"curies":[{"name":"wp","href":"https:\/\/api.w.org\/{rel}","templated":true}]}}