{"id":39410,"date":"2019-06-08T15:14:09","date_gmt":"2019-06-08T19:14:09","guid":{"rendered":"https:\/\/linitiative.ca\/International\/international-adrien-silva-sait-ou-slimani-veut-evoluer\/"},"modified":"2019-06-08T15:14:09","modified_gmt":"2019-06-08T19:14:09","slug":"international-adrien-silva-sait-ou-slimani-veut-evoluer","status":"publish","type":"post","link":"https:\/\/linitiative.ca\/International\/international-adrien-silva-sait-ou-slimani-veut-evoluer\/","title":{"rendered":"International : Adrien Silva sait o\u00f9 Slimani veut \u00e9voluer"},"content":{"rendered":"<div readability=\"32\">\n<p>Auteur : <span class=\"time\">samedi 08 juin 2019 13:17<\/span><\/p>\n<\/div>\n<div id=\"post_core\" readability=\"47\">\n<p>Et selon Adrien Silva, son ancien co\u00e9quipier au Portugal, l&rsquo;attaquant alg\u00e9rien veut retourner au Sporting Portugal, o\u00f9 il a v\u00e9cu les meilleurs moments de sa carri\u00e8re. Le milieu de terrain de Leicester a ainsi d\u00e9clar\u00e9 \u00e0 l&rsquo;occasion d&rsquo;un entretien accord\u00e9 \u00e0 Sport TV :<\/p>\n<p>\u00ab\u00a0Ca ne d\u00e9pend pas uniquement de lui mais Islam veut retourner au Sporting, a d\u00e9clar\u00e9 Silva. Nous sommes rest\u00e9s en contact et lorsqu&rsquo;il est question du Portugal et du Sporting dans nos discussions, je sens de la joie dans sa voix. Il \u00e9tait tr\u00e8s appr\u00e9ci\u00e9 au club. C&rsquo;est une p\u00e9riode qui restera grav\u00e9e en lui et qui repr\u00e9sente un tournant dans sa vie\u00a0\u00bb.<\/p>\n<p>Rappelons que Slimani a rejoint le Sporting en 2013 apr\u00e8s son d\u00e9part du CRB. Il a \u00e9volu\u00e9 trois saison au Portugal avant de tenter sa chance \u00e0 Leicester City.<\/p>\n<p><strong>Publi\u00e9 dans :<\/strong> <span>slimani<\/span><\/p>\n<\/div>\n<p>Auteur:<br \/>\n<a href=\"http:\/\/www.lebuteur.com\/article\/detail?titre=adrien-silva-sait-ou-slimani-veut-evoluer&#038;id=89410&#038;utm_source=feedburner&#038;utm_medium=feed&#038;utm_campaign=Feed%3A+GalerieFArtciles+%28Les+derniers+articles++-+lebuteur.com%29\">Cliquez ici pour lire l&rsquo;article depuis sa source.<\/a><\/p>\n","protected":false},"excerpt":{"rendered":"<p>Auteur : samedi 08 juin 2019 13:17 Et selon Adrien Silva, son ancien co\u00e9quipier au Portugal, l&rsquo;attaquant alg\u00e9rien veut retourner au Sporting Portugal, o\u00f9 il a v\u00e9cu les meilleurs moments de sa carri\u00e8re. Le milieu de terrain de Leicester a ainsi d\u00e9clar\u00e9 \u00e0 l&rsquo;occasion d&rsquo;un entretien accord\u00e9 \u00e0 Sport TV : \u00ab\u00a0Ca ne d\u00e9pend pas [&hellip;]<\/p>\n","protected":false},"author":1738,"featured_media":39411,"comment_status":"closed","ping_status":"closed","sticky":false,"template":"","format":"standard","meta":{"fifu_image_url":"","fifu_image_alt":"","footnotes":""},"categories":[53,75],"tags":[],"class_list":["post-39410","post","type-post","status-publish","format-standard","has-post-thumbnail","hentry","category-algerie","category-sport"],"_links":{"self":[{"href":"https:\/\/linitiative.ca\/International\/wp-json\/wp\/v2\/posts\/39410","targetHints":{"allow":["GET"]}}],"collection":[{"href":"https:\/\/linitiative.ca\/International\/wp-json\/wp\/v2\/posts"}],"about":[{"href":"https:\/\/linitiative.ca\/International\/wp-json\/wp\/v2\/types\/post"}],"author":[{"embeddable":true,"href":"https:\/\/linitiative.ca\/International\/wp-json\/wp\/v2\/users\/1738"}],"replies":[{"embeddable":true,"href":"https:\/\/linitiative.ca\/International\/wp-json\/wp\/v2\/comments?post=39410"}],"version-history":[{"count":0,"href":"https:\/\/linitiative.ca\/International\/wp-json\/wp\/v2\/posts\/39410\/revisions"}],"wp:featuredmedia":[{"embeddable":true,"href":"https:\/\/linitiative.ca\/International\/wp-json\/"}],"wp:attachment":[{"href":"https:\/\/linitiative.ca\/International\/wp-json\/wp\/v2\/media?parent=39410"}],"wp:term":[{"taxonomy":"category","embeddable":true,"href":"https:\/\/linitiative.ca\/International\/wp-json\/wp\/v2\/categories?post=39410"},{"taxonomy":"post_tag","embeddable":true,"href":"https:\/\/linitiative.ca\/International\/wp-json\/wp\/v2\/tags?post=39410"}],"curies":[{"name":"wp","href":"https:\/\/api.w.org\/{rel}","templated":true}]}}