{"id":39412,"date":"2019-06-08T15:14:09","date_gmt":"2019-06-08T19:14:09","guid":{"rendered":"https:\/\/linitiative.ca\/International\/equipe-dalgerie-feghouli-on-fera-tout-notre-possible-pour-aller-le-plus-loin-possible-a-la-can\/"},"modified":"2019-06-08T15:14:09","modified_gmt":"2019-06-08T19:14:09","slug":"equipe-dalgerie-feghouli-on-fera-tout-notre-possible-pour-aller-le-plus-loin-possible-a-la-can","status":"publish","type":"post","link":"https:\/\/linitiative.ca\/International\/equipe-dalgerie-feghouli-on-fera-tout-notre-possible-pour-aller-le-plus-loin-possible-a-la-can\/","title":{"rendered":"Equipe d&rsquo;Alg\u00e9rie : Feghouli : \u00ab\u00a0On fera tout notre possible pour aller le plus loin possible \u00e0 la CAN\u00a0\u00bb"},"content":{"rendered":"<div readability=\"32\">\n<p>Auteur : <span>Riad O.<\/span> <span class=\"time\">samedi 08 juin 2019 16:43<\/span><\/p>\n<\/div>\n<div id=\"post_core\" readability=\"42\">\n<p>Sofiane Feghouli a assur\u00e9, aujourd\u2019hui, que l&rsquo;EN est tr\u00e8s ambitieuse pour r\u00e9ussir sa CAN en Egypte: \u00ab\u00a0L&rsquo;\u00e9quipe est concentr\u00e9e, on va aller au Qatar avec un moral au beau fixe et beaucoup d&rsquo;\u00e9nergie positive. L&rsquo;objectif est surtout de s&rsquo;acclimater avec le temps qui fera en Egypte\u00a0\u00bb, a d\u00e9clar\u00e9 Feghouli \u00e0 la presse \u00e0 l&rsquo;a\u00e9roport international d&rsquo;Alger Houari-Boumediene avant le d\u00e9part pour le stage pr\u00e9comp\u00e9titif de Doha.<\/p>\n<p>Le joueur du Galatasaray a ajout\u00e9\u00a0:\u00a0\u00ab\u00a0C&rsquo;est une nouvelle CAN avec un nouveau staff technique. On fera tout notre possible pour aller le plus loin possible dans ce tournoi.\u00a0\u00bb<\/p>\n<p><strong>Publi\u00e9 dans :<\/strong> <span>Feghouli<\/span><\/p>\n<\/div>\n<p>Auteur:<br \/>\n<a href=\"http:\/\/www.lebuteur.com\/article\/detail?titre=feghouli-on-fera-tout-notre-possible-pour-aller-le-plus-loin-possible-a-la-can&#038;id=89411&#038;utm_source=feedburner&#038;utm_medium=feed&#038;utm_campaign=Feed%3A+GalerieFArtciles+%28Les+derniers+articles++-+lebuteur.com%29\">Cliquez ici pour lire l&rsquo;article depuis sa source.<\/a><\/p>\n","protected":false},"excerpt":{"rendered":"<p>Auteur : Riad O. samedi 08 juin 2019 16:43 Sofiane Feghouli a assur\u00e9, aujourd\u2019hui, que l&rsquo;EN est tr\u00e8s ambitieuse pour r\u00e9ussir sa CAN en Egypte: \u00ab\u00a0L&rsquo;\u00e9quipe est concentr\u00e9e, on va aller au Qatar avec un moral au beau fixe et beaucoup d&rsquo;\u00e9nergie positive. L&rsquo;objectif est surtout de s&rsquo;acclimater avec le temps qui fera en Egypte\u00a0\u00bb, [&hellip;]<\/p>\n","protected":false},"author":1738,"featured_media":39413,"comment_status":"closed","ping_status":"closed","sticky":false,"template":"","format":"standard","meta":{"fifu_image_url":"","fifu_image_alt":"","footnotes":""},"categories":[53,75],"tags":[],"class_list":["post-39412","post","type-post","status-publish","format-standard","has-post-thumbnail","hentry","category-algerie","category-sport"],"_links":{"self":[{"href":"https:\/\/linitiative.ca\/International\/wp-json\/wp\/v2\/posts\/39412","targetHints":{"allow":["GET"]}}],"collection":[{"href":"https:\/\/linitiative.ca\/International\/wp-json\/wp\/v2\/posts"}],"about":[{"href":"https:\/\/linitiative.ca\/International\/wp-json\/wp\/v2\/types\/post"}],"author":[{"embeddable":true,"href":"https:\/\/linitiative.ca\/International\/wp-json\/wp\/v2\/users\/1738"}],"replies":[{"embeddable":true,"href":"https:\/\/linitiative.ca\/International\/wp-json\/wp\/v2\/comments?post=39412"}],"version-history":[{"count":0,"href":"https:\/\/linitiative.ca\/International\/wp-json\/wp\/v2\/posts\/39412\/revisions"}],"wp:featuredmedia":[{"embeddable":true,"href":"https:\/\/linitiative.ca\/International\/wp-json\/"}],"wp:attachment":[{"href":"https:\/\/linitiative.ca\/International\/wp-json\/wp\/v2\/media?parent=39412"}],"wp:term":[{"taxonomy":"category","embeddable":true,"href":"https:\/\/linitiative.ca\/International\/wp-json\/wp\/v2\/categories?post=39412"},{"taxonomy":"post_tag","embeddable":true,"href":"https:\/\/linitiative.ca\/International\/wp-json\/wp\/v2\/tags?post=39412"}],"curies":[{"name":"wp","href":"https:\/\/api.w.org\/{rel}","templated":true}]}}