{"id":39414,"date":"2019-06-08T15:14:11","date_gmt":"2019-06-08T19:14:11","guid":{"rendered":"https:\/\/linitiative.ca\/International\/equipe-dalgerie-belaili-decides-a-tout-donner-pour-rendre-le-peuple-heureux\/"},"modified":"2019-06-08T15:14:11","modified_gmt":"2019-06-08T19:14:11","slug":"equipe-dalgerie-belaili-decides-a-tout-donner-pour-rendre-le-peuple-heureux","status":"publish","type":"post","link":"https:\/\/linitiative.ca\/International\/equipe-dalgerie-belaili-decides-a-tout-donner-pour-rendre-le-peuple-heureux\/","title":{"rendered":"Equipe d&rsquo;Alg\u00e9rie : Bela\u00efli: \u00abD\u00e9cid\u00e9s \u00e0 tout donner pour rendre le peuple heureux\u00bb"},"content":{"rendered":"<div readability=\"32\">\n<p>Auteur : <span>Riad O.<\/span> <span class=\"time\">samedi 08 juin 2019 16:50<\/span><\/p>\n<\/div>\n<div id=\"post_core\" readability=\"41\">\n<p>Youcef Belaili\u00a0 a expliqu\u00e9 que la pr\u00e9paration des Verts \u00e0 Sidi Moussa s\u2019est tr\u00e8s bien d\u00e9roul\u00e9e\u00a0:\u00a0\u00abDieu merci, le premier stage au CTN de Sidi Moussa s\u2019est tr\u00e8s bien d\u00e9roul\u00e9e. Maintenant, on va bien se pr\u00e9parer au Qatar pour cette deuxi\u00e8me partie avec des matchs amicaux qui nous permettront d&rsquo;\u00eatre en forme.\u00bb a-t-il d\u00e9clar\u00e9 \u00e0 la presse \u00e0 l&rsquo;a\u00e9roport international d&rsquo;Alger Houari-Boumediene avant le d\u00e9part pour le stage pr\u00e9comp\u00e9titif de Doha.<\/p>\n<p>Belaili a ajout\u00e9: \u00abLe groupe se porte bien et nous sommes d\u00e9cid\u00e9s \u00e0 faire un bon r\u00e9sultat pour rendre le peuple heureux. On va donner le meilleur de nous-m\u00eames pour \u00eatre \u00e0 la hauteur des esp\u00e9rances de nos supporters.\u00bb<\/p>\n<p><strong>Publi\u00e9 dans :<\/strong> <span>Bela\u00efli<\/span><\/p>\n<\/div>\n<p>Auteur:<br \/>\n<a href=\"http:\/\/www.lebuteur.com\/article\/detail?titre=belaili-decides-a-tout-donner-pour-rendre-le-peuple-heureux&#038;id=89412&#038;utm_source=feedburner&#038;utm_medium=feed&#038;utm_campaign=Feed%3A+GalerieFArtciles+%28Les+derniers+articles++-+lebuteur.com%29\">Cliquez ici pour lire l&rsquo;article depuis sa source.<\/a><\/p>\n","protected":false},"excerpt":{"rendered":"<p>Auteur : Riad O. samedi 08 juin 2019 16:50 Youcef Belaili\u00a0 a expliqu\u00e9 que la pr\u00e9paration des Verts \u00e0 Sidi Moussa s\u2019est tr\u00e8s bien d\u00e9roul\u00e9e\u00a0:\u00a0\u00abDieu merci, le premier stage au CTN de Sidi Moussa s\u2019est tr\u00e8s bien d\u00e9roul\u00e9e. Maintenant, on va bien se pr\u00e9parer au Qatar pour cette deuxi\u00e8me partie avec des matchs amicaux qui [&hellip;]<\/p>\n","protected":false},"author":1738,"featured_media":39415,"comment_status":"closed","ping_status":"closed","sticky":false,"template":"","format":"standard","meta":{"fifu_image_url":"","fifu_image_alt":"","footnotes":""},"categories":[53,75],"tags":[],"class_list":["post-39414","post","type-post","status-publish","format-standard","has-post-thumbnail","hentry","category-algerie","category-sport"],"_links":{"self":[{"href":"https:\/\/linitiative.ca\/International\/wp-json\/wp\/v2\/posts\/39414","targetHints":{"allow":["GET"]}}],"collection":[{"href":"https:\/\/linitiative.ca\/International\/wp-json\/wp\/v2\/posts"}],"about":[{"href":"https:\/\/linitiative.ca\/International\/wp-json\/wp\/v2\/types\/post"}],"author":[{"embeddable":true,"href":"https:\/\/linitiative.ca\/International\/wp-json\/wp\/v2\/users\/1738"}],"replies":[{"embeddable":true,"href":"https:\/\/linitiative.ca\/International\/wp-json\/wp\/v2\/comments?post=39414"}],"version-history":[{"count":0,"href":"https:\/\/linitiative.ca\/International\/wp-json\/wp\/v2\/posts\/39414\/revisions"}],"wp:featuredmedia":[{"embeddable":true,"href":"https:\/\/linitiative.ca\/International\/wp-json\/"}],"wp:attachment":[{"href":"https:\/\/linitiative.ca\/International\/wp-json\/wp\/v2\/media?parent=39414"}],"wp:term":[{"taxonomy":"category","embeddable":true,"href":"https:\/\/linitiative.ca\/International\/wp-json\/wp\/v2\/categories?post=39414"},{"taxonomy":"post_tag","embeddable":true,"href":"https:\/\/linitiative.ca\/International\/wp-json\/wp\/v2\/tags?post=39414"}],"curies":[{"name":"wp","href":"https:\/\/api.w.org\/{rel}","templated":true}]}}