{"id":39428,"date":"2019-06-08T15:19:11","date_gmt":"2019-06-08T19:19:11","guid":{"rendered":"https:\/\/linitiative.ca\/International\/monde-du-travail-profondes-mutations\/"},"modified":"2019-06-08T15:19:11","modified_gmt":"2019-06-08T19:19:11","slug":"monde-du-travail-profondes-mutations","status":"publish","type":"post","link":"https:\/\/linitiative.ca\/International\/monde-du-travail-profondes-mutations\/","title":{"rendered":"Monde du travail :  Profondes mutations"},"content":{"rendered":"<div class=\"TxArtcile\" readability=\"53\">\n<p>Plus de 40 chefs d\u2019Etat et de gouvernement ainsi que plus de 5.000 d\u00e9l\u00e9gu\u00e9s issus de 187 pays sont attendus \u00e0 Gen\u00e8ve pour participer \u00e0 la Conf\u00e9rence du Centenaire de l\u2019Organisation internationale du travail (OIT) qui aura lieu du 10 au 21 juin. Cette conf\u00e9rence, qui se d\u00e9roulera au Palais des Nations et au si\u00e8ge de l\u2019OIT \u00e0 Gen\u00e8ve, co\u00efncide avec la 108e session de la Conf\u00e9rence internationale du Travail, et \u00absera un rassemblement incomparable\u00bb, souligne l\u2019OIT, pr\u00e9cisant que pour marquer cette occasion sp\u00e9ciale, l\u2019accent sera mis sur les profondes transformations en cours dans le monde du travail, y compris l\u2019\u00e9volution du r\u00f4le de l\u2019OIT pour \u00e9difier l\u2019avenir du travail souhait\u00e9. Pendant 12 jours, la Conf\u00e9rence, pr\u00e9sid\u00e9e par la Suisse, se penchera sur l\u2019avenir du monde du travail et le harc\u00e8lement en milieu de travail.\u00a0<\/p>\n<p>Elle doit aboutir \u00e0 la D\u00e9claration du Centenaire qui devra \u00eatre courte et \u00abpolitique\u00bb, a affirm\u00e9 le directeur g\u00e9n\u00e9ral Guy Ryder qui s\u2019attend \u00e0 de difficiles n\u00e9gociations.\u00a0<\/p>\n<p>Non contraignante, la D\u00e9claration devrait toutefois \u00e9tablir un cadre pour l\u2019OIT, les Etats, les employeurs, les syndicats et les travailleurs pour les prochaines d\u00e9cennies. \u00abSon influence d\u00e9pendra de son utilisation\u00bb, a dit M. Ryder, cit\u00e9 par des m\u00e9dias. Selon lui, la D\u00e9claration devra r\u00e9pondre aux questions pos\u00e9es au monde du travail par les nouvelles technologies, notamment les plateformes num\u00e9riques comme Uber, mais aussi par le changement climatique, la mondialisation et l\u2019augmentation de la population. La s\u00e9ance pl\u00e9ni\u00e8re se r\u00e9unira lors d\u2019une session de haut niveau, qui accueillera les chefs d\u2019Etat ou de gouvernement, pr\u00e9cise l\u2019OIT. Dans l\u2019apr\u00e8s-midi du jeudi, les anciens directeurs g\u00e9n\u00e9raux de l\u2019OIT, Juan Somavia et Michel Hansenne, \u00e9changeront leurs points de vue dans un d\u00e9bat mod\u00e9r\u00e9 par Guy Ryder, sur la contribution de l\u2019OIT \u00e0 la paix et \u00e0 la stabilit\u00e9.\u00a0<\/p>\n<p>La Conf\u00e9rence recevra \u00e9galement le Secr\u00e9taire g\u00e9n\u00e9ral des Nations Unies, Ant\u00f3nio Guterres, le dernier jour de la Conf\u00e9rence, le vendredi 21 juin. Le discours du Secr\u00e9taire g\u00e9n\u00e9ral sera suivi de l\u2019adoption des r\u00e9sultats des diff\u00e9rentes commissions. Plusieurs forums th\u00e9matiques en lien avec l\u2019avenir du travail seront organis\u00e9s durant la Conf\u00e9rence entre le 13 et le 18 juin.<\/p>\n<\/div>\n<div class=\"ModliArtilUne\">\n<ul>\n<li><strong>Publi\u00e9 dans :<\/strong><\/li>\n<\/ul>\n<\/div>\n<div class=\"MbComIns\" id=\"newcom\" readability=\"5.69402985075\">\n<h6>DONNEZ VOTRE AVIS<\/h6>\n<p>Il n&rsquo;y a actuellement aucune r\u00e9action \u00e0 cette information. Soyez le premier \u00e0 r\u00e9agir !<\/p>\n<p><a href=\"\" rel=\"#popup\" class=\"login resetbutton\">Identifiez-vous<\/a><a class=\"button\" href=\"http:\/\/www.elmoudjahid.com\/fr\/inscription\/\"><span>S&rsquo;inscrire<\/span><\/a><\/p>\n<\/div>\n<p>Auteur: elmoudjahid<br \/>\n<a href=\"http:\/\/www.elmoudjahid.com\/fr\/actualites\/137827\">Cliquez ici pour lire l&rsquo;article depuis sa source.<\/a><\/p>\n","protected":false},"excerpt":{"rendered":"<p>Plus de 40 chefs d\u2019Etat et de gouvernement ainsi que plus de 5.000 d\u00e9l\u00e9gu\u00e9s issus de 187 pays sont attendus \u00e0 Gen\u00e8ve pour participer \u00e0 la Conf\u00e9rence du Centenaire de l\u2019Organisation internationale du travail (OIT) qui aura lieu du 10 au 21 juin. Cette conf\u00e9rence, qui se d\u00e9roulera au Palais des Nations et au si\u00e8ge [&hellip;]<\/p>\n","protected":false},"author":1744,"featured_media":0,"comment_status":"closed","ping_status":"closed","sticky":false,"template":"","format":"standard","meta":{"fifu_image_url":"","fifu_image_alt":"","footnotes":""},"categories":[73,53],"tags":[],"class_list":["post-39428","post","type-post","status-publish","format-standard","hentry","category-actualite","category-algerie"],"_links":{"self":[{"href":"https:\/\/linitiative.ca\/International\/wp-json\/wp\/v2\/posts\/39428","targetHints":{"allow":["GET"]}}],"collection":[{"href":"https:\/\/linitiative.ca\/International\/wp-json\/wp\/v2\/posts"}],"about":[{"href":"https:\/\/linitiative.ca\/International\/wp-json\/wp\/v2\/types\/post"}],"author":[{"embeddable":true,"href":"https:\/\/linitiative.ca\/International\/wp-json\/wp\/v2\/users\/1744"}],"replies":[{"embeddable":true,"href":"https:\/\/linitiative.ca\/International\/wp-json\/wp\/v2\/comments?post=39428"}],"version-history":[{"count":0,"href":"https:\/\/linitiative.ca\/International\/wp-json\/wp\/v2\/posts\/39428\/revisions"}],"wp:attachment":[{"href":"https:\/\/linitiative.ca\/International\/wp-json\/wp\/v2\/media?parent=39428"}],"wp:term":[{"taxonomy":"category","embeddable":true,"href":"https:\/\/linitiative.ca\/International\/wp-json\/wp\/v2\/categories?post=39428"},{"taxonomy":"post_tag","embeddable":true,"href":"https:\/\/linitiative.ca\/International\/wp-json\/wp\/v2\/tags?post=39428"}],"curies":[{"name":"wp","href":"https:\/\/api.w.org\/{rel}","templated":true}]}}