{"id":39431,"date":"2019-06-08T15:19:16","date_gmt":"2019-06-08T19:19:16","guid":{"rendered":"https:\/\/linitiative.ca\/International\/association-erissala-quand-le-benevolat-devient-sacre\/"},"modified":"2019-06-08T15:19:16","modified_gmt":"2019-06-08T19:19:16","slug":"association-erissala-quand-le-benevolat-devient-sacre","status":"publish","type":"post","link":"https:\/\/linitiative.ca\/International\/association-erissala-quand-le-benevolat-devient-sacre\/","title":{"rendered":"Association Erissala :Quand le b\u00e9n\u00e9volat devient sacr\u00e9"},"content":{"rendered":"<p>G\u00e9n\u00e9rosit\u00e9, altruisme, accueil, soutien aux d\u00e9munis sont des valeurs qui prennent pleinement leur sens chaque jour. Parce que l\u2019engagement de l\u2019Association Erissala tout au long du mois du ramadan avait aussi pour objectif de rompre l\u2019isolement, cette association caritative a multipli\u00e9 les actions au profit des familles n\u00e9cessiteuses pour leur permettre de passer l\u2019a\u00efd-el-fitr\u00a0 dans les meilleures conditions possibles<\/p>\n<p>Cr\u00e9\u00e9e en avril 2015 et bas\u00e9e \u00e0 El-Biar est tr\u00e8s active \u00e0 longueur d\u2019ann\u00e9e. Mais elle s\u2019illustre de par l\u2019organisation d\u2019iftars collectifs chaque Ramadan en fournissant quotidiennement aux gens de passage pr\u00e8s de 850 repas chauds et consistants \u00e0 l\u2019heure du Adhan, mais aussi la distribution de colis alimentaires \u00e0 ceux qui ne peuvent pas ou n\u2019ont pas le temps de s\u2019attabler.<\/p>\n<p>Selon le responsable de cette association, environ 300 couffins alimentaires ont \u00e9t\u00e9 distribu\u00e9s pour la m\u00eame occasion \u00e0 des familles dans le besoin. Des kits contenants des produits alimentaires n\u00e9cessaires pour le mois sacr\u00e9.<\/p>\n<p>Toutefois le programme de solidarit\u00e9 de cette derni\u00e8re a touch\u00e9 plusieurs activit\u00e9s durant ce mois sacr\u00e9 \u00e0 savoir une c\u00e9r\u00e9monie de circoncision collective au profit de 50 orphelins, et une visite de la maison de retraire de Notre dame d\u2019Afrique pour un Iftar collectif et la distribution de denr\u00e9es et autres produits.<\/p>\n<p>En somme, ils sont pr\u00e9sents \u00e0 chaque \u00e9v\u00e9nement majeur ou f\u00eate religieuse, que ce soit \u00e0 l\u2019occasion de l\u2019A\u00efd-el-fitr ou l\u2019A\u00efd-el-adha, la rentr\u00e9e scolaire, ou autre&#8230;<\/p>\n<p>L\u2019association carbure essentiellement gr\u00e2ce au travail acharn\u00e9 des jeunes b\u00e9n\u00e9voles, pour la plupart \u00e9tudiants, qui veulent participer pleinement \u00e0 aider les personnes fragilis\u00e9es par la pauvret\u00e9 et \u00e0 leur redonner le sourire.<\/p>\n<p>\u00a0Des efforts sont fournis \u00e9galement par des particuliers pour la collecte de dons en vue d\u2019assurer des trousseaux vestimentaires pour la f\u00eate de l\u2019A\u00efd.<\/p>\n<p>Les autorit\u00e9s publiques ne sont pas en reste de ces actions de solidarit\u00e9. En effet, le maire de la commune d\u2019El-Biar s\u2019implique particuli\u00e8rement \u00e0 aider cette association en leur apportant soutiens financier et moral.<\/p>\n<p>Gr\u00e2ce \u00e0 cet \u00e9lan de solidarit\u00e9 qui se forme progressivement un peu partout \u00e0 travers le pays, l\u2019appel \u00e0 la g\u00e9n\u00e9rosit\u00e9 est de rigueur notamment pour venir en aide aux n\u00e9cessiteux et plus particuli\u00e8rement aux enfants.<\/p>\n<p>S. B.<\/p>\n<p>Auteur: elmoudjahid<br \/>\n<a href=\"http:\/\/www.elmoudjahid.com\/fr\/actualites\/137830\">Cliquez ici pour lire l&rsquo;article depuis sa source.<\/a><\/p>\n","protected":false},"excerpt":{"rendered":"<p>G\u00e9n\u00e9rosit\u00e9, altruisme, accueil, soutien aux d\u00e9munis sont des valeurs qui prennent pleinement leur sens chaque jour. Parce que l\u2019engagement de l\u2019Association Erissala tout au long du mois du ramadan avait aussi pour objectif de rompre l\u2019isolement, cette association caritative a multipli\u00e9 les actions au profit des familles n\u00e9cessiteuses pour leur permettre de passer l\u2019a\u00efd-el-fitr\u00a0 dans [&hellip;]<\/p>\n","protected":false},"author":1744,"featured_media":0,"comment_status":"closed","ping_status":"closed","sticky":false,"template":"","format":"standard","meta":{"fifu_image_url":"","fifu_image_alt":"","footnotes":""},"categories":[73,53],"tags":[],"class_list":["post-39431","post","type-post","status-publish","format-standard","hentry","category-actualite","category-algerie"],"_links":{"self":[{"href":"https:\/\/linitiative.ca\/International\/wp-json\/wp\/v2\/posts\/39431","targetHints":{"allow":["GET"]}}],"collection":[{"href":"https:\/\/linitiative.ca\/International\/wp-json\/wp\/v2\/posts"}],"about":[{"href":"https:\/\/linitiative.ca\/International\/wp-json\/wp\/v2\/types\/post"}],"author":[{"embeddable":true,"href":"https:\/\/linitiative.ca\/International\/wp-json\/wp\/v2\/users\/1744"}],"replies":[{"embeddable":true,"href":"https:\/\/linitiative.ca\/International\/wp-json\/wp\/v2\/comments?post=39431"}],"version-history":[{"count":0,"href":"https:\/\/linitiative.ca\/International\/wp-json\/wp\/v2\/posts\/39431\/revisions"}],"wp:attachment":[{"href":"https:\/\/linitiative.ca\/International\/wp-json\/wp\/v2\/media?parent=39431"}],"wp:term":[{"taxonomy":"category","embeddable":true,"href":"https:\/\/linitiative.ca\/International\/wp-json\/wp\/v2\/categories?post=39431"},{"taxonomy":"post_tag","embeddable":true,"href":"https:\/\/linitiative.ca\/International\/wp-json\/wp\/v2\/tags?post=39431"}],"curies":[{"name":"wp","href":"https:\/\/api.w.org\/{rel}","templated":true}]}}