{"id":39451,"date":"2019-06-08T13:57:00","date_gmt":"2019-06-08T17:57:00","guid":{"rendered":"https:\/\/linitiative.ca\/International\/suite-a-lincarceration-de-sa-secretaire-generale-le-parti-des-travailleurs-sattaque-a-bensalah\/"},"modified":"2019-06-08T13:57:00","modified_gmt":"2019-06-08T17:57:00","slug":"suite-a-lincarceration-de-sa-secretaire-generale-le-parti-des-travailleurs-sattaque-a-bensalah","status":"publish","type":"post","link":"https:\/\/linitiative.ca\/International\/suite-a-lincarceration-de-sa-secretaire-generale-le-parti-des-travailleurs-sattaque-a-bensalah\/","title":{"rendered":"SUITE A L\u2019INCARCERATION DE SA SECRETAIRE GENERALE : Le parti des travailleurs s\u2019attaque \u00e0 Bensalah"},"content":{"rendered":"<p><br id=\"sep_para_1\" class=\"sep_para access\"\/><\/p>\n<div id=\"para_1\" class=\"para_31612928 resize\">\n<div class=\"texte access firstletter\">Selon le PT, \u00e0 travers cette d\u00e9cision, Bensalah, \u00ab nargue les millions d\u2019Alg\u00e9riennes et d\u2019Alg\u00e9riens qui manifestent de mani\u00e8re continue depuis bient\u00f4t 4 mois pour le d\u00e9part du syst\u00e8me et de tous ses symboles \u00bb, sachant que\u00a0 \u00bb le pr\u00e9sident de l\u2019Etat, faisant fi du rejet du r\u00e9gime\/syst\u00e8me qu\u2019il symbolise par l\u2019\u00e9crasante majorit\u00e9 \u00bb. Suite \u00e0 une r\u00e9union, le Secr\u00e9tariat permanent du Bureau politique du Parti des travailleurs (SPBP), a affirm\u00e9 dans un communiqu\u00e9 que\u00a0 \u00ab les manifestants du 16\u00e8me vendredi de mobilisation nationale ripostent \u00e0 ce discours en scandant \u00ab Bensalah d\u00e9gage \u00bb et \u00ab pas d\u2019\u00e9lections dans le cadre de ce r\u00e9gime \u00bb. Pour le SPBP, \u00ab la r\u00e9volution port\u00e9e par des millions et des millions, qui exigent clairement le d\u00e9part du syst\u00e8me\/r\u00e9gime en place et l\u2019exercice de la souverainet\u00e9 populaire rejette les m\u00e9thodes anti-d\u00e9mocratiques et despotiques qui ont pr\u00e9valu jusqu\u2019\u00e0 maintenant \u00bb. Ainsi \u00e0 travers son appel aux partis et la soci\u00e9t\u00e9 civile au dialogue, pour l\u2019organisation des \u00e9lections,\u00a0 \u00bb il invite donc ces derniers \u00e0 l\u2019accompagner dans une \u0153uvre de sauvetage d\u2019un syst\u00e8me\/r\u00e9gime anti-d\u00e9mocratique et obsol\u00e8te \u00bb estime le PT dans son communiqu\u00e9. Face \u00e0 cette situation, le SPBP r\u00e9it\u00e8re sa position pour une\u00a0 \u00bb Assembl\u00e9e nationale constituante et souveraine \u00e0 m\u00eame de permettre \u00e0 tous les citoyens d\u2019\u00eatre partie prenante de la naissance de la nouvelle r\u00e9publique d\u00e9barrass\u00e9e de l\u2019h\u00e9ritage du syst\u00e8me actuel \u00bb. Concernant le maintien en d\u00e9tention provisoire, au demeurant incompr\u00e9hensible et injustifiable, de la Secr\u00e9taire g\u00e9n\u00e9rale du Parti, Mme Louisa Hanoune, le Bureau politique du parti fera le point sur le bilan de la campagne nationale et internationale pour sa lib\u00e9ration et prendra de nouvelles mesures et initiatives pour\u00a0 sa lib\u00e9ration imm\u00e9diate et inconditionnelle.<\/div>\n<\/div>\n<p>Auteur: Ismain<br \/>\n<a href=\"https:\/\/www.reflexiondz.net\/SUITE-A-L-INCARCERATION-DE-SA-SECRETAIRE-GENERALE-Le-parti-des-travailleurs-s-attaque-a-Bensalah_a56110.html\">Cliquez ici pour lire l&rsquo;article depuis sa source.<\/a><\/p>\n","protected":false},"excerpt":{"rendered":"<p>Selon le PT, \u00e0 travers cette d\u00e9cision, Bensalah, \u00ab nargue les millions d\u2019Alg\u00e9riennes et d\u2019Alg\u00e9riens qui manifestent de mani\u00e8re continue depuis bient\u00f4t 4 mois pour le d\u00e9part du syst\u00e8me et de tous ses symboles \u00bb, sachant que\u00a0 \u00bb le pr\u00e9sident de l\u2019Etat, faisant fi du rejet du r\u00e9gime\/syst\u00e8me qu\u2019il symbolise par l\u2019\u00e9crasante majorit\u00e9 \u00bb. Suite [&hellip;]<\/p>\n","protected":false},"author":1740,"featured_media":0,"comment_status":"closed","ping_status":"closed","sticky":false,"template":"","format":"standard","meta":{"fifu_image_url":"","fifu_image_alt":"","footnotes":""},"categories":[53,76],"tags":[],"class_list":["post-39451","post","type-post","status-publish","format-standard","hentry","category-algerie","category-regions"],"_links":{"self":[{"href":"https:\/\/linitiative.ca\/International\/wp-json\/wp\/v2\/posts\/39451","targetHints":{"allow":["GET"]}}],"collection":[{"href":"https:\/\/linitiative.ca\/International\/wp-json\/wp\/v2\/posts"}],"about":[{"href":"https:\/\/linitiative.ca\/International\/wp-json\/wp\/v2\/types\/post"}],"author":[{"embeddable":true,"href":"https:\/\/linitiative.ca\/International\/wp-json\/wp\/v2\/users\/1740"}],"replies":[{"embeddable":true,"href":"https:\/\/linitiative.ca\/International\/wp-json\/wp\/v2\/comments?post=39451"}],"version-history":[{"count":0,"href":"https:\/\/linitiative.ca\/International\/wp-json\/wp\/v2\/posts\/39451\/revisions"}],"wp:attachment":[{"href":"https:\/\/linitiative.ca\/International\/wp-json\/wp\/v2\/media?parent=39451"}],"wp:term":[{"taxonomy":"category","embeddable":true,"href":"https:\/\/linitiative.ca\/International\/wp-json\/wp\/v2\/categories?post=39451"},{"taxonomy":"post_tag","embeddable":true,"href":"https:\/\/linitiative.ca\/International\/wp-json\/wp\/v2\/tags?post=39451"}],"curies":[{"name":"wp","href":"https:\/\/api.w.org\/{rel}","templated":true}]}}