{"id":39467,"date":"2019-06-08T06:00:00","date_gmt":"2019-06-08T10:00:00","guid":{"rendered":"https:\/\/linitiative.ca\/International\/les-algeriens-ayant-lhabitude-de-partir-en-vacances-ont-garde-les-memes-reperes\/"},"modified":"2019-06-08T06:00:00","modified_gmt":"2019-06-08T10:00:00","slug":"les-algeriens-ayant-lhabitude-de-partir-en-vacances-ont-garde-les-memes-reperes","status":"publish","type":"post","link":"https:\/\/linitiative.ca\/International\/les-algeriens-ayant-lhabitude-de-partir-en-vacances-ont-garde-les-memes-reperes\/","title":{"rendered":"\u00abLes alg\u00e9riens ayant l\u2019habitude de partir en vacances ont gard\u00e9 les m\u00eames rep\u00e8res\u00bb"},"content":{"rendered":"<p class=\"c3\"><strong>Nawel Achaibou, Directrice G\u00e9n\u00e9rale de l\u2019Agence de voyages\u00a0 et de Tourisme ATG, au soirmagazine :<br \/>\u00abLes alg\u00e9riens ayant l\u2019habitude de partir\u00a0en vacances ont gard\u00e9 les m\u00eames rep\u00e8res\u00bb<\/strong><\/p>\n<p class=\"c4\">La fin du mois sacr\u00e9 du car\u00eame rime, pour ce d\u00e9but\u00a0 juin, avec les d\u00e9parts en\u00a0 vacances. Sauf que pour cette ann\u00e9e, cela intervient en pleine r\u00e9volution. Est-ce que cela influencerait les d\u00e9cisions des vacanciers ? Soirmagazine a pos\u00e9 la question \u00e0 une professionnelle du tourisme, Nawel Acha\u00efbou, directrice g\u00e9n\u00e9rale de l\u2019Agence de voyages et de tourisme ATG.<\/p>\n<p class=\"c4\"><strong>Soirmagazine : Vous cumulez plus de 15 ans d\u2019exp\u00e9rience dans le secteur touristique. Quelle analyse en faites- vous ?<\/strong><br \/><strong>Nawel Achaibou<\/strong> : Oui, tout \u00e0 fait. Je suis g\u00e9rante de l\u2019agence de voyages et de tourisme ATG depuis 2003. De ce fait, j\u2019ai pu constater l\u2019\u00e9volution positive et le d\u00e9veloppement de ce secteur d\u2019activit\u00e9. Il y a plusieurs aspects \u00e0 mettre en \u00e9vidence et je dirais celui le plus parlant est\u00a0 l\u2019int\u00e9r\u00eat croissant des autorit\u00e9s pour permettre son essor. Le second point est le changement de comportement des Alg\u00e9riens par rapport au produit touristique.\u00a0<br \/>En effet, pendant des ann\u00e9es, il n\u2019y avait qu\u2019une certaine cat\u00e9gorie qui pouvait pr\u00e9voir ou programmer ses vacances. Cela ne faisait pas partie des pr\u00e9occupations majeures des m\u00e9nages. D\u00e9sormais, ce n\u2019est plus le cas, notamment pour la classe moyenne qui permet de booster ce secteur. Nous, en tant que professionnels, nous pouvons le constater et je peux assurer qu\u2019aujourd\u2019hui, les familles font des \u00e9conomies tout au long de l\u2019ann\u00e9e pour le budget vacances.\u00a0<br \/>Nous pouvons dire que c\u2019est un changement ou\u00a0 plut\u00f4t un bouleversement\u00a0 dans\u00a0 les mentalit\u00e9s alg\u00e9riennes. \u00abL\u2019esprit voyage\u00bb des alg\u00e9riens a pu rena\u00eetre tout doucement et de fa\u00e7on sereine. Ce qui permet \u00e0 nous,\u00a0 agents voyagistes, de pouvoir r\u00e9fl\u00e9chir \u00e0 des propositions au d\u00e9veloppement des offres.<\/p>\n<p><strong>A ce sujet, que proposez-vous \u00e0 vos clients ?<\/strong><br \/>Nous proposons des destinations \u00e0 l\u2019\u00e9tranger, ce que nous appelons dans notre jargon le out-bording, et \u00e9galement\u00a0 les destinations locales. Pour ces derni\u00e8res, il s\u2019agit\u00a0 beaucoup plus\u00a0 d\u2019offres \u00e0 la carte, dans le sens o\u00f9 nous enregistrons une demande claire par un groupe et nous faisons en sorte de r\u00e9pondre \u00e0 cette demande. Je peux citer la derni\u00e8re offre que nous avons r\u00e9alis\u00e9e pour une dur\u00e9e de 12 jours, il s\u2019agit d\u2019une tourn\u00e9e \u00e0 travers quatre wilayas : S\u00e9tif, Constantine, Annaba et Gharda\u00efa.\u00a0<\/p>\n<p class=\"c4\"><strong>De ce fait, le r\u00e9ceptif n\u2019est pas vraiment d\u00e9velopp\u00e9\u2026<\/strong><br \/>Ce n\u2019est pas \u00e7a. Bien au contraire, d\u00e8s le d\u00e9but de l\u2019entretien, j\u2019ai mis en avant le changement de vision par rapport \u00e0 ce secteur et le changement de comportement des Alg\u00e9riens en termes de consommation touristique. Il y a des infrastructures locales qui se d\u00e9veloppent. Il y a de plus en plus d\u2019aqua-parks. Je peux citer \u00e0 ce sujet celui de Mostaganem ou de Biskra. Mais cela reste encore limit\u00e9. Les besoins sont beaucoup plus importants. Et cela se r\u00e9percute sur les prix qui restent \u00e9lev\u00e9s par rapport \u00e0 nos voisins directs. Il y a aussi le manque d\u2019offres compl\u00e8tes.\u00a0 Les familles alg\u00e9riennes veulent des offres all-inclusives et avec des services d\u2019animation et des jeux aquatiques. Elles ne veulent pas forc\u00e9ment se d\u00e9placer et changer de lieux. Les structures baln\u00e9aires devraient continuer \u00e0 se d\u00e9velopper et r\u00e9fl\u00e9chir \u00e0 des offres plus structur\u00e9es et plus compl\u00e8tes.<\/p>\n<p class=\"c4\"><strong>Quelles sont les destinations les plus demand\u00e9es et y a-t-il une nouvelle tendance ?<\/strong><br \/>La Turquie reste la destination pr\u00e9f\u00e9r\u00e9e des Alg\u00e9riens, et ce, depuis 2008. C\u2019est pratiquement un record depuis plus d\u2019une d\u00e9cennie ! Et cela reste logique car elle r\u00e9pond \u00e0 la demande des familles alg\u00e9riennes qui cherchent des offres all-inclusives, avec des animations et des acqua-parks sur place. La Turquie avec ces multiples infrastructures r\u00e9pond parfaitement \u00e0 cette demande et qui plus est\u00a0 r\u00e8gle un probl\u00e8me de taille,\u00a0 celui de la nourriture hallal. En termes de prix, elle reste assez accessible pour une certaine cat\u00e9gorie de m\u00e9nages m\u00eame s\u2019il y a eu la d\u00e9valuation du dinar. La deuxi\u00e8me destination est la Tunisie. Ce pays continue \u00e0 recevoir massivement des Alg\u00e9riens, que ce soit par route ou par avion. Et c\u2019est une destination \u00e9conomique. Vient, ensuite, le Maroc. En termes de nouveaut\u00e9, il y a la destination Charm el-Cheikh, en Egypte. L\u2019ann\u00e9e derni\u00e8re, des agences de voyages ont d\u00e9velopp\u00e9 cette offre et il y a eu des r\u00e9percussions positives. Le probl\u00e8me de s\u00e9curit\u00e9 n\u2019existant plus, les Alg\u00e9riens ont opt\u00e9 pour ce pays. Cela reste \u00e0 l\u2019appr\u00e9ciation du client. Il y a aussi la destination Europe de l\u2019Est comme la Croatie ou Vienne. Nous avons d\u00e9velopp\u00e9\u00a0 des destinations \u00e0 long courrier et qui sont assez pris\u00e9es par une certaine cat\u00e9gorie de touristes, il s\u2019agit de la Malaisie, l\u2019Indon\u00e9sie, la Tha\u00eflande et m\u00eame les Etats-Unis.\u00a0\u00a0<\/p>\n<p class=\"c4\"><strong>Est-ce que les \u00e9v\u00e8nements que conna\u00eet le pays ont chang\u00e9 la donne ?<\/strong><br \/>Je ne peux pas r\u00e9pondre de fa\u00e7on cat\u00e9gorique \u00e0 cette question. Je prends comme r\u00e9f\u00e9rence les vacances de printemps : ceux qui ont l\u2019habitude de partir en vacances durant cette p\u00e9riode, ils l\u2019ont fait alors que nous \u00e9tions en plein d\u00e9but de la r\u00e9volution. Je pense que les Alg\u00e9riens qui peuvent se permettre des vacances gardent les m\u00eames r\u00e9flexes. Il ne faut pas oublier qu\u2019il reste encore une cat\u00e9gorie d\u2019Alg\u00e9riens qui r\u00e9servent \u00e0 partir de la mi-juillet. En g\u00e9n\u00e9ral, ils voyagent en famille. De ce fait, tout est calcul\u00e9 par rapport aux r\u00e9sultats scolaires. De plus, nous constatons depuis des ann\u00e9es que, contrairement \u00e0 l\u2019Europ\u00e9en, l\u2019Alg\u00e9rien commence \u00e0 pr\u00e9parer ses vacances \u00e0 partir du mois de juin. En Europe, les r\u00e9servations se font \u00e0 partir du mois de mars. C\u2019est pourquoi les agences de voyages ne peuvent pas, par exemple, programmer des r\u00e9servations de masse aupr\u00e8s des h\u00f4tels. C\u2019est pour cela que nous, professionnels, consid\u00e9rons que le touriste alg\u00e9rien ne conna\u00eet que la haute saison. Il n\u2019y a pas de basse saison.<\/p>\n<p>Auteur:<br \/>\n<a href=\"https:\/\/www.lesoirdalgerie.com\/le-soirmagazine\/les-algeriens-ayant-lhabitude-de-partir-en-vacances-ont-garde-les-memes-reperes-25003\">Cliquez ici pour lire l&rsquo;article depuis sa source.<\/a><\/p>\n","protected":false},"excerpt":{"rendered":"<p>Nawel Achaibou, Directrice G\u00e9n\u00e9rale de l\u2019Agence de voyages\u00a0 et de Tourisme ATG, au soirmagazine :\u00abLes alg\u00e9riens ayant l\u2019habitude de partir\u00a0en vacances ont gard\u00e9 les m\u00eames rep\u00e8res\u00bb La fin du mois sacr\u00e9 du car\u00eame rime, pour ce d\u00e9but\u00a0 juin, avec les d\u00e9parts en\u00a0 vacances. Sauf que pour cette ann\u00e9e, cela intervient en pleine r\u00e9volution. Est-ce que [&hellip;]<\/p>\n","protected":false},"author":1741,"featured_media":0,"comment_status":"closed","ping_status":"closed","sticky":false,"template":"","format":"standard","meta":{"fifu_image_url":"","fifu_image_alt":"","footnotes":""},"categories":[73,53],"tags":[],"class_list":["post-39467","post","type-post","status-publish","format-standard","hentry","category-actualite","category-algerie"],"_links":{"self":[{"href":"https:\/\/linitiative.ca\/International\/wp-json\/wp\/v2\/posts\/39467","targetHints":{"allow":["GET"]}}],"collection":[{"href":"https:\/\/linitiative.ca\/International\/wp-json\/wp\/v2\/posts"}],"about":[{"href":"https:\/\/linitiative.ca\/International\/wp-json\/wp\/v2\/types\/post"}],"author":[{"embeddable":true,"href":"https:\/\/linitiative.ca\/International\/wp-json\/wp\/v2\/users\/1741"}],"replies":[{"embeddable":true,"href":"https:\/\/linitiative.ca\/International\/wp-json\/wp\/v2\/comments?post=39467"}],"version-history":[{"count":0,"href":"https:\/\/linitiative.ca\/International\/wp-json\/wp\/v2\/posts\/39467\/revisions"}],"wp:attachment":[{"href":"https:\/\/linitiative.ca\/International\/wp-json\/wp\/v2\/media?parent=39467"}],"wp:term":[{"taxonomy":"category","embeddable":true,"href":"https:\/\/linitiative.ca\/International\/wp-json\/wp\/v2\/categories?post=39467"},{"taxonomy":"post_tag","embeddable":true,"href":"https:\/\/linitiative.ca\/International\/wp-json\/wp\/v2\/tags?post=39467"}],"curies":[{"name":"wp","href":"https:\/\/api.w.org\/{rel}","templated":true}]}}