{"id":39469,"date":"2019-06-08T06:00:00","date_gmt":"2019-06-08T10:00:00","guid":{"rendered":"https:\/\/linitiative.ca\/International\/les-vacances-dete-a-lombre-du-mouvement-citoyen\/"},"modified":"2019-06-08T06:00:00","modified_gmt":"2019-06-08T10:00:00","slug":"les-vacances-dete-a-lombre-du-mouvement-citoyen","status":"publish","type":"post","link":"https:\/\/linitiative.ca\/International\/les-vacances-dete-a-lombre-du-mouvement-citoyen\/","title":{"rendered":"Les vacances d\u2019\u00e9t\u00e9 \u00e0 l\u2019ombre du mouvement citoyen"},"content":{"rendered":"<p>Partira ? Partira pas ? Jamais les projets de vacances d\u2019\u00e9t\u00e9 n\u2019ont \u00e9t\u00e9 aussi ballott\u00e9s. Certains h\u00e9sitent. D\u2019autres y ont d\u00e9j\u00e0 renonc\u00e9, convaincus qu\u2019en s\u2019\u00e9loignant, m\u00eame pour quelques jours, ils allaient trahir leur combat men\u00e9 depuis le 22 f\u00e9vrier au tout d\u00e9but du Hirak. T\u00e9moignages.<br \/>\u00a0<\/p>\n<p>Les vacances sont rattrapables, pensent-ils, alors que l\u2019\u00e9criture de l\u2019histoire n\u2019attend pas. Pour d\u2019autres, la situation politique n\u2019est pas propice \u00e0 des vacances d\u00e9tendues et sereines. Ils pr\u00e9f\u00e8rent attendre et voir. A l\u2019inverse, certains n\u2019ont rien d\u00e9programm\u00e9.<\/p>\n<p><strong>\u00a0Abdelmoumen, 43 ans<\/strong><br \/>\u00abC\u2019est tout r\u00e9fl\u00e9chi. Ni moi ni ma femme n\u2019irons en vacances avant que la situation du pays ne devienne stable. Notre engagement pour le mouvement populaire est ind\u00e9fectible. Nous participons aux marches pacifiques du vendredi depuis le d\u00e9but du Hirak. A l\u2019automne ou \u00e0 l\u2019hiver nous organiserons certainement un voyage \u00e0 l\u2019\u00e9tranger, mais pas pour cet \u00e9t\u00e9. Nous restons mobilis\u00e9s. C\u2019est pour la bonne cause. Nous priver de vacances ne va pas nous tuer ! Rater l\u2019occasion de construire une nouvelle r\u00e9publique d\u00e9barrass\u00e9e de l\u2019ancien r\u00e9gime est une priorit\u00e9.\u00bb<\/p>\n<p><strong>Sabri, 21 ans<\/strong><br \/>\u00abJe suis \u00e9tudiant en technologie et suis sur le terrain avec mes camarades depuis le d\u00e9but du\u00a0 Hirak. Tous les mardis et vendredis nous battons le pav\u00e9. Je ne compte pas prendre de vacances cet \u00e9t\u00e9, mais faire quand m\u00eame des petites vir\u00e9es \u00e0 la plage quand il n\u2019y a pas de marches. L\u2019heure est trop importante pour c\u00e9der le terrain en plein \u00e9lan. Il faut juste penser aux moudjahidine qui ont lib\u00e9r\u00e9 notre pays. Ils ont souffert de la faim, de la soif, du froid et de la canicule. Il est\u00a0 ind\u00e9cent, \u00e0 mes yeux, de parler de vacances lorsque l\u2019avenir de notre pays est en jeu. Qu\u2019est-ce que des vacances annul\u00e9es ou report\u00e9es \u00e0 c\u00f4t\u00e9 d\u2019un combat pour changer le syst\u00e8me et cr\u00e9er une autre r\u00e9publique avec plus de d\u00e9mocratie et de justice sociale ? J\u2019ai \u00e0 peine 21 ans, des vacances j\u2019en aurai. Pour l\u2019instant, il faut d\u2019abord changer l\u2019Alg\u00e9rie.\u00bb<\/p>\n<p><strong>Feriel, 45 ans<\/strong><br \/>\u00abJe soutiens les marches populaires. J\u2019y participe avec toute ma famille, mais j\u2019ai besoin d\u2019une coupure d\u2019au moins quelques jours pour revenir en force. Je compte aller passer une dizaine de jours de vacances en juillet sur la c\u00f4te de B\u00e9ja\u00efa avec mon mari et les enfants. L\u2019id\u00e9e, c\u2019est de profiter de la mer en semaine et\u00a0 participer \u00e0 la marche du vendredi \u00e0 B\u00e9ja\u00efa. Ainsi, je n\u2019aurai pas d\u00e9sert\u00e9 les rangs de la mobilisation, tout en effectuant un \u2018break\u2019 salvateur qui me permettra d\u2019entamer la rentr\u00e9e dans de bonnes conditions.\u00bb\u00a0<\/p>\n<p><strong>Manel, 37 ans<\/strong><br \/>\u00abC\u2019est la premi\u00e8re fois qu\u2019on me refuse le visa Schengen. Je pensais aller passer quelques jours en Espagne cet \u00e9t\u00e9, mais c\u2019est tr\u00e8s bien ainsi. Pas de visa, pas de vacances donc. Je passerai mes vacances avec les marcheurs jusqu\u2019\u00e0 l\u2019application des articles 7 et 8. Je pense que l\u2019\u00e9t\u00e9 2019 alg\u00e9rien ne ressemblera \u00e0 aucun autre \u00e9t\u00e9. Il ne faut surtout pas d\u00e9serter la rue sous pr\u00e9texte que c\u2019est l\u2019\u00e9t\u00e9, que le soleil cogne et que l\u2019appel de la plage est plus fort. Ne soyons pas \u00e9go\u00efstes. Il faut lib\u00e9rer l\u2019Alg\u00e9rie. Elle nous appelle. Elle a besoin de nous !\u00bb<\/p>\n<p><strong>Nacim, 54 ans<\/strong><br \/>\u00abJ\u2019ai pr\u00e9vu de passer quelques jours en Tunisie en famille cet \u00e9t\u00e9. J\u2019avoue qu\u2019en d\u00e9pit du Hirak, j\u2019ai d\u00e9cid\u00e9 de ne pas d\u00e9roger \u00e0 mes habitudes. N\u00e9anmoins,\u00a0 je resterai accroch\u00e9 aux informations pour voir l\u2019\u00e9volution de la situation. Je serai de tout c\u0153ur avec les manifestants. Je les quitterai juste pour quelques jours et je rejoindrai \u00e0 nouveau le terrain de la contestation.\u00bb\u00a0<br \/>Dans cette situation exceptionnelle de crise politique que traverse notre pays, beaucoup d\u2019Alg\u00e9riens ont d\u00e9cid\u00e9 de reporter leurs vacances d\u2019\u00e9t\u00e9 le temps de voir comment la situation va \u00e9voluer. La mobilisation a pris le dessus sur les envies de farniente et les vendredis de contestation promettent d\u2019\u00eatre chauds!<\/p>\n<p>Auteur:<br \/>\n<a href=\"https:\/\/www.lesoirdalgerie.com\/le-soirmagazine\/les-vacances-dete-a-lombre-du-mouvement-citoyen-25001\">Cliquez ici pour lire l&rsquo;article depuis sa source.<\/a><\/p>\n","protected":false},"excerpt":{"rendered":"<p>Partira ? Partira pas ? Jamais les projets de vacances d\u2019\u00e9t\u00e9 n\u2019ont \u00e9t\u00e9 aussi ballott\u00e9s. Certains h\u00e9sitent. D\u2019autres y ont d\u00e9j\u00e0 renonc\u00e9, convaincus qu\u2019en s\u2019\u00e9loignant, m\u00eame pour quelques jours, ils allaient trahir leur combat men\u00e9 depuis le 22 f\u00e9vrier au tout d\u00e9but du Hirak. T\u00e9moignages.\u00a0 Les vacances sont rattrapables, pensent-ils, alors que l\u2019\u00e9criture de l\u2019histoire [&hellip;]<\/p>\n","protected":false},"author":1741,"featured_media":0,"comment_status":"closed","ping_status":"closed","sticky":false,"template":"","format":"standard","meta":{"fifu_image_url":"","fifu_image_alt":"","footnotes":""},"categories":[73,53],"tags":[],"class_list":["post-39469","post","type-post","status-publish","format-standard","hentry","category-actualite","category-algerie"],"_links":{"self":[{"href":"https:\/\/linitiative.ca\/International\/wp-json\/wp\/v2\/posts\/39469","targetHints":{"allow":["GET"]}}],"collection":[{"href":"https:\/\/linitiative.ca\/International\/wp-json\/wp\/v2\/posts"}],"about":[{"href":"https:\/\/linitiative.ca\/International\/wp-json\/wp\/v2\/types\/post"}],"author":[{"embeddable":true,"href":"https:\/\/linitiative.ca\/International\/wp-json\/wp\/v2\/users\/1741"}],"replies":[{"embeddable":true,"href":"https:\/\/linitiative.ca\/International\/wp-json\/wp\/v2\/comments?post=39469"}],"version-history":[{"count":0,"href":"https:\/\/linitiative.ca\/International\/wp-json\/wp\/v2\/posts\/39469\/revisions"}],"wp:attachment":[{"href":"https:\/\/linitiative.ca\/International\/wp-json\/wp\/v2\/media?parent=39469"}],"wp:term":[{"taxonomy":"category","embeddable":true,"href":"https:\/\/linitiative.ca\/International\/wp-json\/wp\/v2\/categories?post=39469"},{"taxonomy":"post_tag","embeddable":true,"href":"https:\/\/linitiative.ca\/International\/wp-json\/wp\/v2\/tags?post=39469"}],"curies":[{"name":"wp","href":"https:\/\/api.w.org\/{rel}","templated":true}]}}