{"id":39480,"date":"2019-06-08T13:39:48","date_gmt":"2019-06-08T17:39:48","guid":{"rendered":"https:\/\/linitiative.ca\/International\/tunisie-municipalite-de-lariana-possibles-perturbation-de-la-levee-des-ordures\/"},"modified":"2019-06-08T13:39:48","modified_gmt":"2019-06-08T17:39:48","slug":"tunisie-municipalite-de-lariana-possibles-perturbation-de-la-levee-des-ordures","status":"publish","type":"post","link":"https:\/\/linitiative.ca\/International\/tunisie-municipalite-de-lariana-possibles-perturbation-de-la-levee-des-ordures\/","title":{"rendered":"Tunisie \u2013 Municipalit\u00e9 de l\u2019Ariana\u00a0: Possibles perturbation de la lev\u00e9e des ordures"},"content":{"rendered":"<div class=\"post-cont-in left relative\">\n<div class=\"swp_social_panel swp_horizontal_panel swp_flat_fresh swp_default_full_color swp_individual_full_color swp_other_full_color scale-100 scale-\" data-min-width=\"1100\" data-float-color=\"#ffffff\" data-float=\"none\" data-float-mobile=\"none\" data-transition=\"slide\">\n<div class=\"nc_tweetContainer swp_share_button total_shares total_sharesalt\"><span class=\"swp_count\">22 <span class=\"swp_label\">Partages<\/span><\/span><\/div>\n<\/div>\n<p>Le maire de l\u2019Ariana, Fadhel Moussa a annonc\u00e9 \u00e0 ses administr\u00e9s, \u00e0 travers un communiqu\u00e9, que la r\u00e9gion pourrait conna\u00eetre des perturbations dans la lev\u00e9e des ordures m\u00e9nag\u00e8res, suite \u00e0 l\u2019incendie qui a ravag\u00e9 la d\u00e9charge de Borj Chakir.<\/p>\n<p>Le maire appelle ses administr\u00e9s \u00e0 \u00eatre compr\u00e9hensifs\u00a0face \u00e0 cette situation provisoire.<\/p>\n<div class=\"code-block code-block-1 c3\"><ins class=\"adsbygoogle c2\" data-ad-layout=\"in-article\" data-ad-format=\"fluid\" data-ad-client=\"ca-pub-2102118777505746\" data-ad-slot=\"7301775417\"\/> <\/div>\n<p><img loading=\"lazy\" decoding=\"async\" class=\"aligncenter wp-image-439734\" src=\"https:\/\/www.tunisienumerique.com\/wp-content\/uploads\/2019\/06\/balegh.jpg\" alt=\"\" width=\"690\" height=\"518\" srcset=\"https:\/\/www.tunisienumerique.com\/wp-content\/uploads\/2019\/06\/balegh.jpg 960w, https:\/\/www.tunisienumerique.com\/wp-content\/uploads\/2019\/06\/balegh-768x576.jpg 768w, https:\/\/www.tunisienumerique.com\/wp-content\/uploads\/2019\/06\/balegh-600x450.jpg 600w\" sizes=\"auto, (max-width: 690px) 100vw, 690px\"\/><\/p>\n<div class=\"mvp-org-wrap mvp-org-logo\" itemprop=\"publisher\" itemscope=\"\" itemtype=\"https:\/\/schema.org\/Organization\"><img decoding=\"async\" src=\"https:\/\/www.tunisienumerique.com\/wp-content\/uploads\/2017\/02\/logo_tunisie_numerique.png\"\/><\/div>\n<div class=\"swp_social_panel swp_horizontal_panel swp_flat_fresh swp_default_full_color swp_individual_full_color swp_other_full_color scale-100 scale-\" data-min-width=\"1100\" data-float-color=\"#ffffff\" data-float=\"none\" data-float-mobile=\"none\" data-transition=\"slide\">\n<div class=\"nc_tweetContainer swp_share_button total_shares total_sharesalt\"><span class=\"swp_count\">22 <span class=\"swp_label\">Partages<\/span><\/span><\/div>\n<\/div>\n<div class=\"mvp-related-posts left relative\">\n<h4 class=\"post-header\"><span class=\"post-header\">Lire aussi<\/span><\/h4>\n<\/div>\n<\/div>\n<p>Auteur: LM<br \/>\n<a href=\"https:\/\/www.tunisienumerique.com\/tunisie-municipalite-de-lariana-possibles-perturbation-de-la-levee-des-ordures\/\">Cliquez ici pour lire l&rsquo;article depuis sa source.<\/a><\/p>\n","protected":false},"excerpt":{"rendered":"<p>22 Partages Le maire de l\u2019Ariana, Fadhel Moussa a annonc\u00e9 \u00e0 ses administr\u00e9s, \u00e0 travers un communiqu\u00e9, que la r\u00e9gion pourrait conna\u00eetre des perturbations dans la lev\u00e9e des ordures m\u00e9nag\u00e8res, suite \u00e0 l\u2019incendie qui a ravag\u00e9 la d\u00e9charge de Borj Chakir. Le maire appelle ses administr\u00e9s \u00e0 \u00eatre compr\u00e9hensifs\u00a0face \u00e0 cette situation provisoire. 22 Partages [&hellip;]<\/p>\n","protected":false},"author":1789,"featured_media":39481,"comment_status":"closed","ping_status":"closed","sticky":false,"template":"","format":"standard","meta":{"fifu_image_url":"","fifu_image_alt":"","footnotes":""},"categories":[73,55],"tags":[],"class_list":["post-39480","post","type-post","status-publish","format-standard","has-post-thumbnail","hentry","category-actualite","category-tunisie"],"_links":{"self":[{"href":"https:\/\/linitiative.ca\/International\/wp-json\/wp\/v2\/posts\/39480","targetHints":{"allow":["GET"]}}],"collection":[{"href":"https:\/\/linitiative.ca\/International\/wp-json\/wp\/v2\/posts"}],"about":[{"href":"https:\/\/linitiative.ca\/International\/wp-json\/wp\/v2\/types\/post"}],"author":[{"embeddable":true,"href":"https:\/\/linitiative.ca\/International\/wp-json\/wp\/v2\/users\/1789"}],"replies":[{"embeddable":true,"href":"https:\/\/linitiative.ca\/International\/wp-json\/wp\/v2\/comments?post=39480"}],"version-history":[{"count":0,"href":"https:\/\/linitiative.ca\/International\/wp-json\/wp\/v2\/posts\/39480\/revisions"}],"wp:featuredmedia":[{"embeddable":true,"href":"https:\/\/linitiative.ca\/International\/wp-json\/"}],"wp:attachment":[{"href":"https:\/\/linitiative.ca\/International\/wp-json\/wp\/v2\/media?parent=39480"}],"wp:term":[{"taxonomy":"category","embeddable":true,"href":"https:\/\/linitiative.ca\/International\/wp-json\/wp\/v2\/categories?post=39480"},{"taxonomy":"post_tag","embeddable":true,"href":"https:\/\/linitiative.ca\/International\/wp-json\/wp\/v2\/tags?post=39480"}],"curies":[{"name":"wp","href":"https:\/\/api.w.org\/{rel}","templated":true}]}}