{"id":39484,"date":"2019-06-08T14:21:44","date_gmt":"2019-06-08T18:21:44","guid":{"rendered":"https:\/\/linitiative.ca\/International\/coupe-de-tunisie-la-date-de-la-finale-connue\/"},"modified":"2019-06-08T14:21:44","modified_gmt":"2019-06-08T18:21:44","slug":"coupe-de-tunisie-la-date-de-la-finale-connue","status":"publish","type":"post","link":"https:\/\/linitiative.ca\/International\/coupe-de-tunisie-la-date-de-la-finale-connue\/","title":{"rendered":"Coupe de Tunisie : La date de la finale connue"},"content":{"rendered":"<div class=\"nc_socialPanel swp_flatFresh swp_d_fullColor swp_i_fullColor swp_o_fullColor scale-100 scale-fullWidth\" data-position=\"none\" data-float=\"floatNone\" data-count=\"5\" data-floatcolor=\"#ffffff\" data-emphasize=\"0\">\n<div class=\"nc_tweetContainer totes totesalt\" data-id=\"6\"><span class=\"swp_count\"><span class=\"swp_label\">Partages<\/span> 0<\/span><\/div>\n<\/div>\n<p><span>La F\u00e9d\u00e9ration tunisienne de football (FTF) a indiqu\u00e9 que la finale de la Coupe de Tunisie 2019 se d\u00e9roulera le 17 ao\u00fbt.<\/span><span>\u00a0<\/span><\/p>\n<p><span>Cette finale opposera l\u2019Etoile Sportive du Sahel au Club Sportif Sfaxien sur la pelouse du stade olympique de Rad\u00e8s.<\/span><span>\u00a0<\/span><\/p>\n<div class=\"code-block code-block-1 c4\"><ins class=\"adsbygoogle c3\" data-ad-layout=\"in-article\" data-ad-format=\"fluid\" data-ad-client=\"ca-pub-2102118777505746\" data-ad-slot=\"7301775417\"\/> <\/div>\n<p><span>Par ailleurs, la FTF a annonc\u00e9 que le coup d\u2019envoi de la saison sportive 2019\/2020 sera donn\u00e9 le samedi 24 ao\u00fbt.<\/span><span>\u00a0<\/span><\/p>\n<div class=\"mvp-org-wrap mvp-org-logo\" itemprop=\"publisher\" itemscope=\"\" itemtype=\"https:\/\/schema.org\/Organization\"><img decoding=\"async\" src=\"https:\/\/sport.tunisienumerique.com\/wp-content\/uploads\/2017\/05\/logo_tunisie_numerique.png\"\/><\/div>\n<div class=\"nc_socialPanel swp_flatFresh swp_d_fullColor swp_i_fullColor swp_o_fullColor scale-100 scale-fullWidth\" data-position=\"none\" data-float=\"floatNone\" data-count=\"5\" data-floatcolor=\"#ffffff\" data-emphasize=\"0\">\n<div class=\"nc_tweetContainer totes totesalt\" data-id=\"6\"><span class=\"swp_count\"><span class=\"swp_label\">Partages<\/span> 0<\/span><\/div>\n<\/div>\n<div class=\"mvp-related-posts left relative\">\n<h4 class=\"post-header\"><span class=\"post-header\">Lire aussi<\/span><\/h4>\n<\/div>\n<p>Auteur: a.<br \/>\n<a href=\"https:\/\/sport.tunisienumerique.com\/coupe-de-tunisie-date-de-finale-connue\/\">Cliquez ici pour lire l&rsquo;article depuis sa source.<\/a><\/p>\n","protected":false},"excerpt":{"rendered":"<p>Partages 0 La F\u00e9d\u00e9ration tunisienne de football (FTF) a indiqu\u00e9 que la finale de la Coupe de Tunisie 2019 se d\u00e9roulera le 17 ao\u00fbt.\u00a0 Cette finale opposera l\u2019Etoile Sportive du Sahel au Club Sportif Sfaxien sur la pelouse du stade olympique de Rad\u00e8s.\u00a0 Par ailleurs, la FTF a annonc\u00e9 que le coup d\u2019envoi de la [&hellip;]<\/p>\n","protected":false},"author":1789,"featured_media":39485,"comment_status":"closed","ping_status":"closed","sticky":false,"template":"","format":"standard","meta":{"fifu_image_url":"","fifu_image_alt":"","footnotes":""},"categories":[73,55],"tags":[],"class_list":["post-39484","post","type-post","status-publish","format-standard","has-post-thumbnail","hentry","category-actualite","category-tunisie"],"_links":{"self":[{"href":"https:\/\/linitiative.ca\/International\/wp-json\/wp\/v2\/posts\/39484","targetHints":{"allow":["GET"]}}],"collection":[{"href":"https:\/\/linitiative.ca\/International\/wp-json\/wp\/v2\/posts"}],"about":[{"href":"https:\/\/linitiative.ca\/International\/wp-json\/wp\/v2\/types\/post"}],"author":[{"embeddable":true,"href":"https:\/\/linitiative.ca\/International\/wp-json\/wp\/v2\/users\/1789"}],"replies":[{"embeddable":true,"href":"https:\/\/linitiative.ca\/International\/wp-json\/wp\/v2\/comments?post=39484"}],"version-history":[{"count":0,"href":"https:\/\/linitiative.ca\/International\/wp-json\/wp\/v2\/posts\/39484\/revisions"}],"wp:featuredmedia":[{"embeddable":true,"href":"https:\/\/linitiative.ca\/International\/wp-json\/"}],"wp:attachment":[{"href":"https:\/\/linitiative.ca\/International\/wp-json\/wp\/v2\/media?parent=39484"}],"wp:term":[{"taxonomy":"category","embeddable":true,"href":"https:\/\/linitiative.ca\/International\/wp-json\/wp\/v2\/categories?post=39484"},{"taxonomy":"post_tag","embeddable":true,"href":"https:\/\/linitiative.ca\/International\/wp-json\/wp\/v2\/tags?post=39484"}],"curies":[{"name":"wp","href":"https:\/\/api.w.org\/{rel}","templated":true}]}}