{"id":39486,"date":"2019-06-08T14:28:08","date_gmt":"2019-06-08T18:28:08","guid":{"rendered":"https:\/\/linitiative.ca\/International\/tunisie-dhehiba-il-tue-son-ami-en-lecrasant-avec-sa-voiture\/"},"modified":"2019-06-08T14:28:08","modified_gmt":"2019-06-08T18:28:08","slug":"tunisie-dhehiba-il-tue-son-ami-en-lecrasant-avec-sa-voiture","status":"publish","type":"post","link":"https:\/\/linitiative.ca\/International\/tunisie-dhehiba-il-tue-son-ami-en-lecrasant-avec-sa-voiture\/","title":{"rendered":"Tunisie \u2013 Dhehiba\u00a0: Il tue son ami en l\u2019\u00e9crasant avec sa voiture"},"content":{"rendered":"<div class=\"post-cont-in left relative\">\n<div class=\"swp_social_panel swp_horizontal_panel swp_flat_fresh swp_default_full_color swp_individual_full_color swp_other_full_color scale-100 scale-\" data-min-width=\"1100\" data-float-color=\"#ffffff\" data-float=\"none\" data-float-mobile=\"none\" data-transition=\"slide\">\n<div class=\"nc_tweetContainer swp_share_button total_shares total_sharesalt\"><span class=\"swp_count\">38 <span class=\"swp_label\">Partages<\/span><\/span><\/div>\n<\/div>\n<p>Suite \u00e0 une altercation survenue entre des\u00a0jeunes au centre ville de Dhehiba, l\u2019un des bellig\u00e9rants a intentionnellement \u00e9cras\u00e9 ses deux amis avec sa voiture. L\u2019une des deux victimes, \u00e2g\u00e9e de 17 ans, est d\u00e9c\u00e9d\u00e9e sur le lieu de l\u2019agression et l\u2019autre a d\u00fb \u00eatre \u00e9vacu\u00e9e vers l\u2019h\u00f4pital pour y \u00eatre soign\u00e9e.<\/p>\n<p>L\u2019agresseur s\u2019est ensuite rendu \u00e0 la police.<\/p>\n<div class=\"code-block code-block-1 c3\"><ins class=\"adsbygoogle c2\" data-ad-layout=\"in-article\" data-ad-format=\"fluid\" data-ad-client=\"ca-pub-2102118777505746\" data-ad-slot=\"7301775417\"\/> <\/div>\n<div class=\"mvp-org-wrap mvp-org-logo\" itemprop=\"publisher\" itemscope=\"\" itemtype=\"https:\/\/schema.org\/Organization\"><img decoding=\"async\" src=\"https:\/\/www.tunisienumerique.com\/wp-content\/uploads\/2017\/02\/logo_tunisie_numerique.png\"\/><\/div>\n<div class=\"swp_social_panel swp_horizontal_panel swp_flat_fresh swp_default_full_color swp_individual_full_color swp_other_full_color scale-100 scale-\" data-min-width=\"1100\" data-float-color=\"#ffffff\" data-float=\"none\" data-float-mobile=\"none\" data-transition=\"slide\">\n<div class=\"nc_tweetContainer swp_share_button total_shares total_sharesalt\"><span class=\"swp_count\">38 <span class=\"swp_label\">Partages<\/span><\/span><\/div>\n<\/div>\n<div class=\"mvp-related-posts left relative\">\n<h4 class=\"post-header\"><span class=\"post-header\">Lire aussi<\/span><\/h4>\n<\/div>\n<\/div>\n<p>Auteur: LM<br \/>\n<a href=\"https:\/\/www.tunisienumerique.com\/tunisie-dhehiba-il-tue-son-ami-en-lecrasant-avec-sa-voiture\/\">Cliquez ici pour lire l&rsquo;article depuis sa source.<\/a><\/p>\n","protected":false},"excerpt":{"rendered":"<p>38 Partages Suite \u00e0 une altercation survenue entre des\u00a0jeunes au centre ville de Dhehiba, l\u2019un des bellig\u00e9rants a intentionnellement \u00e9cras\u00e9 ses deux amis avec sa voiture. L\u2019une des deux victimes, \u00e2g\u00e9e de 17 ans, est d\u00e9c\u00e9d\u00e9e sur le lieu de l\u2019agression et l\u2019autre a d\u00fb \u00eatre \u00e9vacu\u00e9e vers l\u2019h\u00f4pital pour y \u00eatre soign\u00e9e. L\u2019agresseur s\u2019est [&hellip;]<\/p>\n","protected":false},"author":1789,"featured_media":39487,"comment_status":"closed","ping_status":"closed","sticky":false,"template":"","format":"standard","meta":{"fifu_image_url":"","fifu_image_alt":"","footnotes":""},"categories":[73,55],"tags":[],"class_list":["post-39486","post","type-post","status-publish","format-standard","has-post-thumbnail","hentry","category-actualite","category-tunisie"],"_links":{"self":[{"href":"https:\/\/linitiative.ca\/International\/wp-json\/wp\/v2\/posts\/39486","targetHints":{"allow":["GET"]}}],"collection":[{"href":"https:\/\/linitiative.ca\/International\/wp-json\/wp\/v2\/posts"}],"about":[{"href":"https:\/\/linitiative.ca\/International\/wp-json\/wp\/v2\/types\/post"}],"author":[{"embeddable":true,"href":"https:\/\/linitiative.ca\/International\/wp-json\/wp\/v2\/users\/1789"}],"replies":[{"embeddable":true,"href":"https:\/\/linitiative.ca\/International\/wp-json\/wp\/v2\/comments?post=39486"}],"version-history":[{"count":0,"href":"https:\/\/linitiative.ca\/International\/wp-json\/wp\/v2\/posts\/39486\/revisions"}],"wp:featuredmedia":[{"embeddable":true,"href":"https:\/\/linitiative.ca\/International\/wp-json\/"}],"wp:attachment":[{"href":"https:\/\/linitiative.ca\/International\/wp-json\/wp\/v2\/media?parent=39486"}],"wp:term":[{"taxonomy":"category","embeddable":true,"href":"https:\/\/linitiative.ca\/International\/wp-json\/wp\/v2\/categories?post=39486"},{"taxonomy":"post_tag","embeddable":true,"href":"https:\/\/linitiative.ca\/International\/wp-json\/wp\/v2\/tags?post=39486"}],"curies":[{"name":"wp","href":"https:\/\/api.w.org\/{rel}","templated":true}]}}