{"id":39490,"date":"2019-06-08T15:48:30","date_gmt":"2019-06-08T19:48:30","guid":{"rendered":"https:\/\/linitiative.ca\/International\/tunisie-decisions-du-gouvernement-pour-la-maitrise-de-la-consommation-de-lenergie-et-laide-aux-familles-a-revenu-reduit\/"},"modified":"2019-06-08T15:48:30","modified_gmt":"2019-06-08T19:48:30","slug":"tunisie-decisions-du-gouvernement-pour-la-maitrise-de-la-consommation-de-lenergie-et-laide-aux-familles-a-revenu-reduit","status":"publish","type":"post","link":"https:\/\/linitiative.ca\/International\/tunisie-decisions-du-gouvernement-pour-la-maitrise-de-la-consommation-de-lenergie-et-laide-aux-familles-a-revenu-reduit\/","title":{"rendered":"Tunisie \u2013 D\u00e9cisions du gouvernement pour la ma\u00eetrise de la consommation de l\u2019\u00e9nergie et l\u2019aide aux familles \u00e0 revenu r\u00e9duit"},"content":{"rendered":"<div class=\"post-cont-in left relative\">\n<div class=\"swp_social_panel swp_horizontal_panel swp_flat_fresh swp_default_full_color swp_individual_full_color swp_other_full_color scale-100 scale-\" data-min-width=\"1100\" data-float-color=\"#ffffff\" data-float=\"none\" data-float-mobile=\"none\" data-transition=\"slide\">\n<div class=\"nc_tweetContainer swp_share_button total_shares total_sharesalt\"><span class=\"swp_count\">20 <span class=\"swp_label\">Partages<\/span><\/span><\/div>\n<\/div>\n<p>Le chef du gouvernement a pr\u00e9sid\u00e9, ce vendredi, un conseil minist\u00e9riel restreint, d\u00e9di\u00e9 au secteur de l\u2019\u00e9nergie et des mines.<\/p>\n<p>Par rapport \u00e0 l\u2019\u00e9nergie, le conseil minist\u00e9riel a pris plusieurs dispositions, pour am\u00e9liorer la gestion et la ma\u00eetrise de l\u2019\u00e9nergie, et pour en all\u00e9ger la facture pour les foyers \u00e0 revenus r\u00e9duits.<\/p>\n<div class=\"code-block code-block-1 c3\"><ins class=\"adsbygoogle c2\" data-ad-layout=\"in-article\" data-ad-format=\"fluid\" data-ad-client=\"ca-pub-2102118777505746\" data-ad-slot=\"7301775417\"\/> <\/div>\n<p><strong>Sur le plan de l\u2019autosuffisance de production\u00a0:<\/strong><\/p>\n<p>Juin 2019\u00a0: Mise en marche des centrales d\u2019El Mornaguia et de Rades avec une capacit\u00e9 de 1050 M\u00e9gawatts.<\/p>\n<p>Juillet 2019\u00a0: d\u00e9marrage de la production de l\u2019unit\u00e9 de production de gaz \u00e0 Ghannouch.<\/p>\n<p>Septembre 2019\u00a0: Etablissement de contrats pour des centrales photovolta\u00efques pour une capacit\u00e9 de 500 M\u00e9gawatts.<\/p>\n<p>Octobre 2019\u00a0: d\u00e9but de la production \u00e0 plein r\u00e9gime du champ gazier de Nawarra, avec une augmentation de 50% da la capacit\u00e9 nationale.<\/p>\n<p>Cr\u00e9ation d\u2019un centre international de formation en activit\u00e9s p\u00e9troli\u00e8res \u00e0 Tataouine.<\/p>\n<p>Politique d\u2019attraction des investisseurs \u00e9trangers dans le secteur des hydrocarbures.<\/p>\n<p>Restructuration de l\u2019ETAP, pour qu\u2019elle devienne un exploitant direct des r\u00e9serves nationales en hydrocarbures.<\/p>\n<div class=\"code-block code-block-2 c3\"><ins class=\"adsbygoogle c2\" data-ad-layout=\"in-article\" data-ad-format=\"fluid\" data-ad-client=\"ca-pub-2102118777505746\" data-ad-slot=\"7301775417\"\/> <\/div>\n<p><strong>Sur le plan de ma\u00eetrise de consommation de l\u2019\u00e9nergie<\/strong><\/p>\n<p>R\u00e9duction de 20% de la consommation des \u00e9tablissements et structures publiques, d\u2019ici \u00e0 2021.<\/p>\n<p>Septembre 2019\u00a0: Audit \u00e9nerg\u00e9tique de 350 municipalit\u00e9s et adoption de l\u2019\u00e9clairage public \u00e0 l\u2019ide des lampes \u00e9conomiques.<\/p>\n<p><strong>Sur le plan aide aux familles \u00e0 revenu r\u00e9duit<\/strong><\/p>\n<p>D\u00e9blocage de 50 millions de DT au profit des m\u00e9nages \u00e0 revenus r\u00e9duits pour le paiement de leurs arri\u00e9r\u00e9s de dettes avec la STEG.<\/p>\n<p>Instauration du syst\u00e8me de Bonus\/Malus, pour encourager les foyers \u00e0 r\u00e9duire leurs consommations, avec pour objectif, la r\u00e9duction ou la stabilisation des factures pour 94% des consommateurs<\/p>\n<p>Majoration de 50% des subventions pour les installations des capteurs solaires pour l\u2019\u00e9nergie photovolta\u00efque.<\/p>\n<p>Distribution de 4 millions de lampes \u00e9conomiques pour usage domestique.<\/p>\n<p>Installation de capteurs pour l\u2019\u00e9nergie photovolta\u00efque sur les toits des maisons sociales et des familles \u00e0 revenus r\u00e9duits.<\/p>\n<div class=\"mvp-org-wrap mvp-org-logo\" itemprop=\"publisher\" itemscope=\"\" itemtype=\"https:\/\/schema.org\/Organization\"><img decoding=\"async\" src=\"https:\/\/www.tunisienumerique.com\/wp-content\/uploads\/2017\/02\/logo_tunisie_numerique.png\"\/><\/div>\n<div class=\"swp_social_panel swp_horizontal_panel swp_flat_fresh swp_default_full_color swp_individual_full_color swp_other_full_color scale-100 scale-\" data-min-width=\"1100\" data-float-color=\"#ffffff\" data-float=\"none\" data-float-mobile=\"none\" data-transition=\"slide\">\n<div class=\"nc_tweetContainer swp_share_button total_shares total_sharesalt\"><span class=\"swp_count\">20 <span class=\"swp_label\">Partages<\/span><\/span><\/div>\n<\/div>\n<div class=\"mvp-related-posts left relative\">\n<h4 class=\"post-header\"><span class=\"post-header\">Lire aussi<\/span><\/h4>\n<\/div>\n<\/div>\n<p>Auteur: LM<br \/>\n<a href=\"https:\/\/www.tunisienumerique.com\/tunisie-decisions-du-gouvernement-pour-la-maitrise-de-la-consommation-de-lenergie-et-laide-aux-familles-a-revenu-reduit\/\">Cliquez ici pour lire l&rsquo;article depuis sa source.<\/a><\/p>\n","protected":false},"excerpt":{"rendered":"<p>20 Partages Le chef du gouvernement a pr\u00e9sid\u00e9, ce vendredi, un conseil minist\u00e9riel restreint, d\u00e9di\u00e9 au secteur de l\u2019\u00e9nergie et des mines. Par rapport \u00e0 l\u2019\u00e9nergie, le conseil minist\u00e9riel a pris plusieurs dispositions, pour am\u00e9liorer la gestion et la ma\u00eetrise de l\u2019\u00e9nergie, et pour en all\u00e9ger la facture pour les foyers \u00e0 revenus r\u00e9duits. Sur [&hellip;]<\/p>\n","protected":false},"author":1789,"featured_media":39491,"comment_status":"closed","ping_status":"closed","sticky":false,"template":"","format":"standard","meta":{"fifu_image_url":"","fifu_image_alt":"","footnotes":""},"categories":[73,55],"tags":[],"class_list":["post-39490","post","type-post","status-publish","format-standard","has-post-thumbnail","hentry","category-actualite","category-tunisie"],"_links":{"self":[{"href":"https:\/\/linitiative.ca\/International\/wp-json\/wp\/v2\/posts\/39490","targetHints":{"allow":["GET"]}}],"collection":[{"href":"https:\/\/linitiative.ca\/International\/wp-json\/wp\/v2\/posts"}],"about":[{"href":"https:\/\/linitiative.ca\/International\/wp-json\/wp\/v2\/types\/post"}],"author":[{"embeddable":true,"href":"https:\/\/linitiative.ca\/International\/wp-json\/wp\/v2\/users\/1789"}],"replies":[{"embeddable":true,"href":"https:\/\/linitiative.ca\/International\/wp-json\/wp\/v2\/comments?post=39490"}],"version-history":[{"count":0,"href":"https:\/\/linitiative.ca\/International\/wp-json\/wp\/v2\/posts\/39490\/revisions"}],"wp:featuredmedia":[{"embeddable":true,"href":"https:\/\/linitiative.ca\/International\/wp-json\/"}],"wp:attachment":[{"href":"https:\/\/linitiative.ca\/International\/wp-json\/wp\/v2\/media?parent=39490"}],"wp:term":[{"taxonomy":"category","embeddable":true,"href":"https:\/\/linitiative.ca\/International\/wp-json\/wp\/v2\/categories?post=39490"},{"taxonomy":"post_tag","embeddable":true,"href":"https:\/\/linitiative.ca\/International\/wp-json\/wp\/v2\/tags?post=39490"}],"curies":[{"name":"wp","href":"https:\/\/api.w.org\/{rel}","templated":true}]}}