{"id":39492,"date":"2019-06-08T15:54:11","date_gmt":"2019-06-08T19:54:11","guid":{"rendered":"https:\/\/linitiative.ca\/International\/tunisie-incendies-des-champs-de-ble-qui-veut-affamer-les-tunisiens\/"},"modified":"2019-06-08T15:54:11","modified_gmt":"2019-06-08T19:54:11","slug":"tunisie-incendies-des-champs-de-ble-qui-veut-affamer-les-tunisiens","status":"publish","type":"post","link":"https:\/\/linitiative.ca\/International\/tunisie-incendies-des-champs-de-ble-qui-veut-affamer-les-tunisiens\/","title":{"rendered":"Tunisie \u2013 Incendies des champs de bl\u00e9\u00a0: Qui veut affamer les tunisiens\u00a0?"},"content":{"rendered":"<div class=\"post-cont-in left relative\">\n<div class=\"swp_social_panel swp_horizontal_panel swp_flat_fresh swp_default_full_color swp_individual_full_color swp_other_full_color scale-100 scale-\" data-min-width=\"1100\" data-float-color=\"#ffffff\" data-float=\"none\" data-float-mobile=\"none\" data-transition=\"slide\">\n<div class=\"nc_tweetContainer swp_share_button total_shares total_sharesalt\"><span class=\"swp_count\">267 <span class=\"swp_label\">Partages<\/span><\/span><\/div>\n<\/div>\n<p>Les incendies des champs de bl\u00e9 et d\u2019orge se sont multipli\u00e9s ses derniers jours, dans toutes les r\u00e9gions des grandes cultures du pays, d\u00e9truisant des centaines d\u2019hectares et r\u00e9duisant en cendre des milliers de tonnes de c\u00e9r\u00e9ales.<\/p>\n<p>Pourtant, cette ann\u00e9e, la r\u00e9colte s\u2019annon\u00e7ait exceptionnelle, et on attendait un record non atteint depuis plus de dix ans.<\/p>\n<div class=\"code-block code-block-1 c3\"><ins class=\"adsbygoogle c2\" data-ad-layout=\"in-article\" data-ad-format=\"fluid\" data-ad-client=\"ca-pub-2102118777505746\" data-ad-slot=\"7301775417\"\/> <\/div>\n<p>Or, ne voil\u00e0-t-il pas que le feu commence, comme par enchantement, \u00e0 prendre un peu partout, dans les champs, et \u00e0 r\u00e9duire les espoirs des tunisiens en fum\u00e9e.<\/p>\n<p>Les responsables de la protection civile se sont jet\u00e9s trop rapidement, dans la n\u00e9gation, en assurant que tous ces feux \u00e9taient d\u2019origine naturelle, \u00e0 cause des temp\u00e9ratures \u00e9lev\u00e9es et du vent. Ils l\u2019ont fait de fa\u00e7on trop pr\u00e9cipit\u00e9e pour que cela soit cr\u00e9dible.<\/p>\n<p>D\u2019ailleurs, ils ont, rapidement, \u00e9t\u00e9 d\u00e9mentis par les autorit\u00e9s s\u00e9curitaires qui ont senti le br\u00fbl\u00e9, et c\u2019est le cas de le dire, et ont suspect\u00e9 une origine criminelle \u00e0 ces sinistres. D\u2019ailleurs, ils ont r\u00e9ussi \u00e0 mettre la main sur, au moins, un suspect dans un incendie de champ \u00e0 Siliana.<\/p>\n<p>Quelle que soit la partie qui se cache derri\u00e8re ces incendies meurtriers qui visent \u00e0 affamer le peuple et mettre \u00e0 genoux l\u2019Etat, il va falloir, premi\u00e8rement, tout faire pour les identifier et s\u00e9vir de fa\u00e7on exemplaire, et deuxi\u00e8mement, et surtout, il va falloir que tout le monde conjugue ses efforts avec les forces de l\u2019Etat, pour surveiller cette richesse nationale, et pour aider \u00e0 d\u00e9masquer les coupables et les emp\u00eacher de nuire au gagne pain, non seulement, des agriculteurs, mais de tout le peuple tunisien.<\/p>\n<p>A d\u00e9faut de minist\u00e8re de l\u2019agriculture, qui ne se sent nullement concern\u00e9 par ce probl\u00e8me, c\u2019est, encore une fois, aux forces de l\u2019ordre, que va incomber la lourde responsabilit\u00e9 de tirer ces affaires au clair et faire le boulot\u00a0!<\/p>\n<div class=\"mvp-org-wrap mvp-org-logo\" itemprop=\"publisher\" itemscope=\"\" itemtype=\"https:\/\/schema.org\/Organization\"><img decoding=\"async\" src=\"https:\/\/www.tunisienumerique.com\/wp-content\/uploads\/2017\/02\/logo_tunisie_numerique.png\"\/><\/div>\n<div class=\"swp_social_panel swp_horizontal_panel swp_flat_fresh swp_default_full_color swp_individual_full_color swp_other_full_color scale-100 scale-\" data-min-width=\"1100\" data-float-color=\"#ffffff\" data-float=\"none\" data-float-mobile=\"none\" data-transition=\"slide\">\n<div class=\"nc_tweetContainer swp_share_button total_shares total_sharesalt\"><span class=\"swp_count\">267 <span class=\"swp_label\">Partages<\/span><\/span><\/div>\n<\/div>\n<div class=\"mvp-related-posts left relative\">\n<h4 class=\"post-header\"><span class=\"post-header\">Lire aussi<\/span><\/h4>\n<\/div>\n<\/div>\n<p>Auteur: Ramsis<br \/>\n<a href=\"https:\/\/www.tunisienumerique.com\/tunisie-incendies-des-champs-de-ble-qui-veut-affamer-les-tunisiens\/\">Cliquez ici pour lire l&rsquo;article depuis sa source.<\/a><\/p>\n","protected":false},"excerpt":{"rendered":"<p>267 Partages Les incendies des champs de bl\u00e9 et d\u2019orge se sont multipli\u00e9s ses derniers jours, dans toutes les r\u00e9gions des grandes cultures du pays, d\u00e9truisant des centaines d\u2019hectares et r\u00e9duisant en cendre des milliers de tonnes de c\u00e9r\u00e9ales. Pourtant, cette ann\u00e9e, la r\u00e9colte s\u2019annon\u00e7ait exceptionnelle, et on attendait un record non atteint depuis plus [&hellip;]<\/p>\n","protected":false},"author":1789,"featured_media":39493,"comment_status":"closed","ping_status":"closed","sticky":false,"template":"","format":"standard","meta":{"fifu_image_url":"","fifu_image_alt":"","footnotes":""},"categories":[73,55],"tags":[],"class_list":["post-39492","post","type-post","status-publish","format-standard","has-post-thumbnail","hentry","category-actualite","category-tunisie"],"_links":{"self":[{"href":"https:\/\/linitiative.ca\/International\/wp-json\/wp\/v2\/posts\/39492","targetHints":{"allow":["GET"]}}],"collection":[{"href":"https:\/\/linitiative.ca\/International\/wp-json\/wp\/v2\/posts"}],"about":[{"href":"https:\/\/linitiative.ca\/International\/wp-json\/wp\/v2\/types\/post"}],"author":[{"embeddable":true,"href":"https:\/\/linitiative.ca\/International\/wp-json\/wp\/v2\/users\/1789"}],"replies":[{"embeddable":true,"href":"https:\/\/linitiative.ca\/International\/wp-json\/wp\/v2\/comments?post=39492"}],"version-history":[{"count":0,"href":"https:\/\/linitiative.ca\/International\/wp-json\/wp\/v2\/posts\/39492\/revisions"}],"wp:featuredmedia":[{"embeddable":true,"href":"https:\/\/linitiative.ca\/International\/wp-json\/"}],"wp:attachment":[{"href":"https:\/\/linitiative.ca\/International\/wp-json\/wp\/v2\/media?parent=39492"}],"wp:term":[{"taxonomy":"category","embeddable":true,"href":"https:\/\/linitiative.ca\/International\/wp-json\/wp\/v2\/categories?post=39492"},{"taxonomy":"post_tag","embeddable":true,"href":"https:\/\/linitiative.ca\/International\/wp-json\/wp\/v2\/tags?post=39492"}],"curies":[{"name":"wp","href":"https:\/\/api.w.org\/{rel}","templated":true}]}}