{"id":39496,"date":"2019-06-08T17:05:20","date_gmt":"2019-06-08T21:05:20","guid":{"rendered":"https:\/\/linitiative.ca\/International\/tunisie-ministere-de-la-sante-attention-aux-communications-contradictoires-il-y-va-de-la-credibilite-du-ministere\/"},"modified":"2019-06-08T17:05:20","modified_gmt":"2019-06-08T21:05:20","slug":"tunisie-ministere-de-la-sante-attention-aux-communications-contradictoires-il-y-va-de-la-credibilite-du-ministere","status":"publish","type":"post","link":"https:\/\/linitiative.ca\/International\/tunisie-ministere-de-la-sante-attention-aux-communications-contradictoires-il-y-va-de-la-credibilite-du-ministere\/","title":{"rendered":"Tunisie \u2013 Minist\u00e8re de la sant\u00e9\u00a0: Attention aux communications contradictoires\u2026 Il y va de la cr\u00e9dibilit\u00e9 du minist\u00e8re"},"content":{"rendered":"<div class=\"post-cont-in left relative\">\n<div class=\"swp_social_panel swp_horizontal_panel swp_flat_fresh swp_default_full_color swp_individual_full_color swp_other_full_color scale-100 scale-\" data-min-width=\"1100\" data-float-color=\"#ffffff\" data-float=\"none\" data-float-mobile=\"none\" data-transition=\"slide\">\n<div class=\"nc_tweetContainer swp_share_button total_shares total_sharesalt\"><span class=\"swp_count\">1 <span class=\"swp_label\">Partages<\/span><\/span><\/div>\n<\/div>\n<p>Ces derniers jours, les d\u00e9clarations et les contre-d\u00e9clarations se multiplient, de la part de responsables centraux et r\u00e9gionaux du minist\u00e8re de la sant\u00e9. Des d\u00e9clarations qui sont d\u00e9menties par d\u2019autres secteurs, et parfois, m\u00eame, et l\u00e0 c\u2019est grave, par d\u2019autres services du m\u00eame minist\u00e8re.<\/p>\n<p>Nous pourrions citer, \u00e0 titre d\u2019exemple, l\u2019annonce faite par le responsable de l\u2019hygi\u00e8ne de la r\u00e9gion sanitaire de Mahdia, qui a d\u00e9fray\u00e9 la chronique en annon\u00e7ant que plusieurs r\u00e9servoirs de la SONEDE, distribuent des eaux impropres \u00e0 la consommation. Cette d\u00e9claration a, presqu\u2019imm\u00e9diatement, \u00e9t\u00e9 d\u00e9mentie par les services de la SONEDE. D\u00e9menti, auquel la direction de la sant\u00e9 n\u2019a pas jug\u00e9 utile de r\u00e9agir, entamant, ainsi, et de fa\u00e7on p\u00e9rilleuse la cr\u00e9dibilit\u00e9 de ses services de contr\u00f4le d\u2019hygi\u00e8ne, d\u2019autant plus que ces services ont un r\u00f4le primordial dans le contr\u00f4le des denr\u00e9es et des locaux commerciaux, et ont un pouvoir consid\u00e9rable dans le sens de pouvoir fermer les locaux qui leur semblent irrespectueux de l\u2019hygi\u00e8ne. Et ce d\u00e9menti de la part de la SONEDE risque de faire des \u00e9mules parmi les commer\u00e7ants et autres professionnels, notamment de l\u2019alimentation, si jamais ces services sanitaires s\u2019aventuraient \u00e0 les provoquer, en voulant les r\u00e9primander.<\/p>\n<div class=\"code-block code-block-1 c3\"><ins class=\"adsbygoogle c2\" data-ad-layout=\"in-article\" data-ad-format=\"fluid\" data-ad-client=\"ca-pub-2102118777505746\" data-ad-slot=\"7301775417\"\/> <\/div>\n<p>Autre exemple, et pas des moindres, celui de la pr\u00e9sence du moustique tigre annonc\u00e9e par la direction de l\u2019hygi\u00e8ne au minist\u00e8re de la sant\u00e9, dans la banlieue de Carthage, semant la panique chez les riverains. D\u00e9claration aussit\u00f4t d\u00e9mentie par les services municipaux de la banlieue en question, mais pas seulement, puisqu\u2019il parait que, m\u00eame, certaines directions du minist\u00e8re de la sant\u00e9 ont d\u00e9menti la pr\u00e9sence de ce moustique, et les affirmations de leur coll\u00e8gue.<\/p>\n<p>Du coup, le consommateur ne sait plus o\u00f9 donner de la t\u00eate, et qui croire. Et c\u2019est d\u2019autant plus grave que le minist\u00e8re de la sant\u00e9 est, normalement, appel\u00e9, parfois, \u00e0 diffuser des informations, voire des avertissements \u00e0 caract\u00e8re vital. Ce qui, en cas de perte de la cr\u00e9dibilit\u00e9 de ses services, serait difficile \u00e0 assurer\u00a0!<\/p>\n<p>En cons\u00e9quence, le minist\u00e8re devrait pouvoir ma\u00eetriser les \u00e9lans de ses responsables en attendant d\u2019unifier les d\u00e9clarations et leur orientation, et \u00e9viter ces contradictions livr\u00e9es aux m\u00e9dias.<\/p>\n<p>D\u2019ailleurs c\u2019est un conseil qui serait valable \u00e0 tout le gouvernement, dont les ministres disent une chose et son contraire, \u00e0 quelques heures d\u2019intervalle, \u00e0 croire qu\u2019ils ne se sont jamais assis \u00e0 la m\u00eame table, et n\u2019ont jamais trait\u00e9 des dossiers en commun. Ce f\u00fbt, par exemple, le cas, par rapport au manque de production de pommes de terre, et des contradictions flagrantes et embarrassantes entre les d\u00e9clarations des ministres du commerce et de l\u2019agriculture. C\u2019est \u00e0 croire qu\u2019ils ne parlaient pas du m\u00eame pays\u00a0!<\/p>\n<div class=\"mvp-org-wrap mvp-org-logo\" itemprop=\"publisher\" itemscope=\"\" itemtype=\"https:\/\/schema.org\/Organization\"><img decoding=\"async\" src=\"https:\/\/www.tunisienumerique.com\/wp-content\/uploads\/2017\/02\/logo_tunisie_numerique.png\"\/><\/div>\n<div class=\"swp_social_panel swp_horizontal_panel swp_flat_fresh swp_default_full_color swp_individual_full_color swp_other_full_color scale-100 scale-\" data-min-width=\"1100\" data-float-color=\"#ffffff\" data-float=\"none\" data-float-mobile=\"none\" data-transition=\"slide\">\n<div class=\"nc_tweetContainer swp_share_button total_shares total_sharesalt\"><span class=\"swp_count\">1 <span class=\"swp_label\">Partages<\/span><\/span><\/div>\n<\/div>\n<div class=\"mvp-related-posts left relative\">\n<h4 class=\"post-header\"><span class=\"post-header\">Lire aussi<\/span><\/h4>\n<\/div>\n<\/div>\n<p>Auteur: Saber .<br \/>\n<a href=\"https:\/\/www.tunisienumerique.com\/tunisie-ministere-de-la-sante-attention-aux-communications-contradictoires-il-y-va-de-la-credibilite-du-ministere\/\">Cliquez ici pour lire l&rsquo;article depuis sa source.<\/a><\/p>\n","protected":false},"excerpt":{"rendered":"<p>1 Partages Ces derniers jours, les d\u00e9clarations et les contre-d\u00e9clarations se multiplient, de la part de responsables centraux et r\u00e9gionaux du minist\u00e8re de la sant\u00e9. Des d\u00e9clarations qui sont d\u00e9menties par d\u2019autres secteurs, et parfois, m\u00eame, et l\u00e0 c\u2019est grave, par d\u2019autres services du m\u00eame minist\u00e8re. Nous pourrions citer, \u00e0 titre d\u2019exemple, l\u2019annonce faite par [&hellip;]<\/p>\n","protected":false},"author":1789,"featured_media":39497,"comment_status":"closed","ping_status":"closed","sticky":false,"template":"","format":"standard","meta":{"fifu_image_url":"","fifu_image_alt":"","footnotes":""},"categories":[73,55],"tags":[],"class_list":["post-39496","post","type-post","status-publish","format-standard","has-post-thumbnail","hentry","category-actualite","category-tunisie"],"_links":{"self":[{"href":"https:\/\/linitiative.ca\/International\/wp-json\/wp\/v2\/posts\/39496","targetHints":{"allow":["GET"]}}],"collection":[{"href":"https:\/\/linitiative.ca\/International\/wp-json\/wp\/v2\/posts"}],"about":[{"href":"https:\/\/linitiative.ca\/International\/wp-json\/wp\/v2\/types\/post"}],"author":[{"embeddable":true,"href":"https:\/\/linitiative.ca\/International\/wp-json\/wp\/v2\/users\/1789"}],"replies":[{"embeddable":true,"href":"https:\/\/linitiative.ca\/International\/wp-json\/wp\/v2\/comments?post=39496"}],"version-history":[{"count":0,"href":"https:\/\/linitiative.ca\/International\/wp-json\/wp\/v2\/posts\/39496\/revisions"}],"wp:featuredmedia":[{"embeddable":true,"href":"https:\/\/linitiative.ca\/International\/wp-json\/"}],"wp:attachment":[{"href":"https:\/\/linitiative.ca\/International\/wp-json\/wp\/v2\/media?parent=39496"}],"wp:term":[{"taxonomy":"category","embeddable":true,"href":"https:\/\/linitiative.ca\/International\/wp-json\/wp\/v2\/categories?post=39496"},{"taxonomy":"post_tag","embeddable":true,"href":"https:\/\/linitiative.ca\/International\/wp-json\/wp\/v2\/tags?post=39496"}],"curies":[{"name":"wp","href":"https:\/\/api.w.org\/{rel}","templated":true}]}}