{"id":39498,"date":"2019-06-08T17:15:53","date_gmt":"2019-06-08T21:15:53","guid":{"rendered":"https:\/\/linitiative.ca\/International\/tunisie-fusion-entre-al-machrou3-et-nidaa-tounes-clan-de-hammamet\/"},"modified":"2019-06-08T17:15:53","modified_gmt":"2019-06-08T21:15:53","slug":"tunisie-fusion-entre-al-machrou3-et-nidaa-tounes-clan-de-hammamet","status":"publish","type":"post","link":"https:\/\/linitiative.ca\/International\/tunisie-fusion-entre-al-machrou3-et-nidaa-tounes-clan-de-hammamet\/","title":{"rendered":"Tunisie \u2013 Fusion entre Al Machrou3 et Nidaa Tounes \u00ab\u00a0clan de Hammamet\u00a0\u00bb"},"content":{"rendered":"<div class=\"post-cont-in left relative\">\n<div class=\"swp_social_panel swp_horizontal_panel swp_flat_fresh swp_default_full_color swp_individual_full_color swp_other_full_color scale-100 scale-\" data-min-width=\"1100\" data-float-color=\"#ffffff\" data-float=\"none\" data-float-mobile=\"none\" data-transition=\"slide\">\n<div class=\"nc_tweetContainer swp_share_button total_shares total_sharesalt\"><span class=\"swp_count\">1 <span class=\"swp_label\">Partages<\/span><\/span><\/div>\n<\/div>\n<p>Les dirigeants du clan de Hammamet de Nidaa Tounes, et d\u2019Al Machrou3 ont d\u00e9cid\u00e9, suite \u00e0 une derni\u00e8re r\u00e9union qui s\u2019est d\u00e9roul\u00e9e, ce samedi en banlieue nord de Tunis, de fusionner ensemble, aussi bien au niveau des partis que des blocs parlementaires.<\/p>\n<p>Cette fusion sera, officiellement, annonc\u00e9e ce mardi dans le cadre d\u2019une conf\u00e9rence de presse commune.<\/p>\n<div class=\"code-block code-block-1 c3\"><ins class=\"adsbygoogle c2\" data-ad-layout=\"in-article\" data-ad-format=\"fluid\" data-ad-client=\"ca-pub-2102118777505746\" data-ad-slot=\"7301775417\"\/> <\/div>\n<div class=\"mvp-org-wrap mvp-org-logo\" itemprop=\"publisher\" itemscope=\"\" itemtype=\"https:\/\/schema.org\/Organization\"><img decoding=\"async\" src=\"https:\/\/www.tunisienumerique.com\/wp-content\/uploads\/2017\/02\/logo_tunisie_numerique.png\"\/><\/div>\n<div class=\"swp_social_panel swp_horizontal_panel swp_flat_fresh swp_default_full_color swp_individual_full_color swp_other_full_color scale-100 scale-\" data-min-width=\"1100\" data-float-color=\"#ffffff\" data-float=\"none\" data-float-mobile=\"none\" data-transition=\"slide\">\n<div class=\"nc_tweetContainer swp_share_button total_shares total_sharesalt\"><span class=\"swp_count\">1 <span class=\"swp_label\">Partages<\/span><\/span><\/div>\n<\/div>\n<div class=\"mvp-related-posts left relative\">\n<h4 class=\"post-header\"><span class=\"post-header\">Lire aussi<\/span><\/h4>\n<\/div>\n<\/div>\n<p>Auteur: LM<br \/>\n<a href=\"https:\/\/www.tunisienumerique.com\/tunisie-fusion-entre-al-machrou3-et-nidaa-tounes-clan-de-hammamet\/\">Cliquez ici pour lire l&rsquo;article depuis sa source.<\/a><\/p>\n","protected":false},"excerpt":{"rendered":"<p>1 Partages Les dirigeants du clan de Hammamet de Nidaa Tounes, et d\u2019Al Machrou3 ont d\u00e9cid\u00e9, suite \u00e0 une derni\u00e8re r\u00e9union qui s\u2019est d\u00e9roul\u00e9e, ce samedi en banlieue nord de Tunis, de fusionner ensemble, aussi bien au niveau des partis que des blocs parlementaires. Cette fusion sera, officiellement, annonc\u00e9e ce mardi dans le cadre d\u2019une [&hellip;]<\/p>\n","protected":false},"author":1789,"featured_media":39499,"comment_status":"closed","ping_status":"closed","sticky":false,"template":"","format":"standard","meta":{"fifu_image_url":"","fifu_image_alt":"","footnotes":""},"categories":[73,55],"tags":[],"class_list":["post-39498","post","type-post","status-publish","format-standard","has-post-thumbnail","hentry","category-actualite","category-tunisie"],"_links":{"self":[{"href":"https:\/\/linitiative.ca\/International\/wp-json\/wp\/v2\/posts\/39498","targetHints":{"allow":["GET"]}}],"collection":[{"href":"https:\/\/linitiative.ca\/International\/wp-json\/wp\/v2\/posts"}],"about":[{"href":"https:\/\/linitiative.ca\/International\/wp-json\/wp\/v2\/types\/post"}],"author":[{"embeddable":true,"href":"https:\/\/linitiative.ca\/International\/wp-json\/wp\/v2\/users\/1789"}],"replies":[{"embeddable":true,"href":"https:\/\/linitiative.ca\/International\/wp-json\/wp\/v2\/comments?post=39498"}],"version-history":[{"count":0,"href":"https:\/\/linitiative.ca\/International\/wp-json\/wp\/v2\/posts\/39498\/revisions"}],"wp:featuredmedia":[{"embeddable":true,"href":"https:\/\/linitiative.ca\/International\/wp-json\/"}],"wp:attachment":[{"href":"https:\/\/linitiative.ca\/International\/wp-json\/wp\/v2\/media?parent=39498"}],"wp:term":[{"taxonomy":"category","embeddable":true,"href":"https:\/\/linitiative.ca\/International\/wp-json\/wp\/v2\/categories?post=39498"},{"taxonomy":"post_tag","embeddable":true,"href":"https:\/\/linitiative.ca\/International\/wp-json\/wp\/v2\/tags?post=39498"}],"curies":[{"name":"wp","href":"https:\/\/api.w.org\/{rel}","templated":true}]}}