{"id":39505,"date":"2019-06-08T14:18:05","date_gmt":"2019-06-08T18:18:05","guid":{"rendered":"https:\/\/linitiative.ca\/International\/mali-vers-une-prorogation-du-mandat-des-deputes-jusquen-mai-2020\/"},"modified":"2019-06-08T14:18:05","modified_gmt":"2019-06-08T18:18:05","slug":"mali-vers-une-prorogation-du-mandat-des-deputes-jusquen-mai-2020","status":"publish","type":"post","link":"https:\/\/linitiative.ca\/International\/mali-vers-une-prorogation-du-mandat-des-deputes-jusquen-mai-2020\/","title":{"rendered":"Mali : vers une prorogation du mandat des d\u00e9put\u00e9s jusqu\u2019en mai 2020"},"content":{"rendered":"<div readability=\"32\">\n<p>Publi\u00e9 le 08.06.2019 \u00e0 19h18 par APA News<\/p>\n<\/div>\n<div readability=\"53\">\n<p>Le Conseil des Ministres a adopt\u00e9 vendredi un projet de loi organique portant prorogation du mandat des d\u00e9put\u00e9s \u00e0 l\u2019Assembl\u00e9e Nationale jusqu\u2019en mai 2020, a appris APA de sources officielles.\u00ab L\u2019\u00e9valuation de la situation politique et s\u00e9curitaire du pays r\u00e9v\u00e8le la persistance des difficult\u00e9s et contraintes qui ne permettent pas la tenue d\u2019\u00e9lections l\u00e9gislatives r\u00e9guli\u00e8res et transparentes. Dans ce contexte et conform\u00e9ment \u00e0 l\u2019Accord Politique de Gouvernance, le projet de loi organique adopt\u00e9, proroge jusqu\u2019au 02 mai 2020 le mandat des d\u00e9put\u00e9s de la V\u00e8me l\u00e9gislature afin de r\u00e9unir les conditions optimales \u00e0 la bonne organisation des \u00e9lections \u00bb indique le communiqu\u00e9 du conseil des ministres.<\/p>\n<p>Pour rappel le mandat des d\u00e9put\u00e9s \u00e9tait d\u00e9j\u00e0 arriv\u00e9 \u00e0 expiration le 31 d\u00e9cembre 2018, avait d\u00e9j\u00e0 \u00e9t\u00e9 prorog\u00e9 de six mois jusqu\u2019au 30 juin 2019 par la Loi organique n\u00b02018-067 du 06 d\u00e9cembre 2018 conform\u00e9ment \u00e0 l\u2019avis de la Cour Constitutionnelle du 12 octobre 2018.<\/p>\n<p>A l\u2019\u00e9poque, la prorogation \u00e9tait motiv\u00e9e par \u00ab le caract\u00e8re de force majeure des difficult\u00e9s entravant le respect scrupuleux des dispositions constitutionnelles et l\u00e9gislatives et la n\u00e9cessit\u00e9 d\u2019assurer le fonctionnement r\u00e9gulier de l\u2019Assembl\u00e9e nationale \u00bb.<\/p>\n<p>Pour \u00eatre adopt\u00e9, ce nouveau projet de loi organique doit encore \u00eatre vot\u00e9 par les 2\/3 des d\u00e9put\u00e9s, puis pr\u00e9sent\u00e9 pour avis \u00e0 la Cour constitutionnelle.<\/p>\n<\/div>\n<p>Auteur: APA News<br \/>\n<a href=\"https:\/\/www.journalducameroun.com\/mali-vers-une-prorogation-du-mandat-des-deputes-jusquen-mai-2020\/\">Cliquez ici pour lire l&rsquo;article depuis sa source.<\/a><\/p>\n","protected":false},"excerpt":{"rendered":"<p>Publi\u00e9 le 08.06.2019 \u00e0 19h18 par APA News Le Conseil des Ministres a adopt\u00e9 vendredi un projet de loi organique portant prorogation du mandat des d\u00e9put\u00e9s \u00e0 l\u2019Assembl\u00e9e Nationale jusqu\u2019en mai 2020, a appris APA de sources officielles.\u00ab L\u2019\u00e9valuation de la situation politique et s\u00e9curitaire du pays r\u00e9v\u00e8le la persistance des difficult\u00e9s et contraintes qui [&hellip;]<\/p>\n","protected":false},"author":1965,"featured_media":0,"comment_status":"closed","ping_status":"closed","sticky":false,"template":"","format":"standard","meta":{"fifu_image_url":"","fifu_image_alt":"","footnotes":""},"categories":[73,82],"tags":[],"class_list":["post-39505","post","type-post","status-publish","format-standard","hentry","category-actualite","category-cameroun"],"_links":{"self":[{"href":"https:\/\/linitiative.ca\/International\/wp-json\/wp\/v2\/posts\/39505","targetHints":{"allow":["GET"]}}],"collection":[{"href":"https:\/\/linitiative.ca\/International\/wp-json\/wp\/v2\/posts"}],"about":[{"href":"https:\/\/linitiative.ca\/International\/wp-json\/wp\/v2\/types\/post"}],"author":[{"embeddable":true,"href":"https:\/\/linitiative.ca\/International\/wp-json\/wp\/v2\/users\/1965"}],"replies":[{"embeddable":true,"href":"https:\/\/linitiative.ca\/International\/wp-json\/wp\/v2\/comments?post=39505"}],"version-history":[{"count":0,"href":"https:\/\/linitiative.ca\/International\/wp-json\/wp\/v2\/posts\/39505\/revisions"}],"wp:attachment":[{"href":"https:\/\/linitiative.ca\/International\/wp-json\/wp\/v2\/media?parent=39505"}],"wp:term":[{"taxonomy":"category","embeddable":true,"href":"https:\/\/linitiative.ca\/International\/wp-json\/wp\/v2\/categories?post=39505"},{"taxonomy":"post_tag","embeddable":true,"href":"https:\/\/linitiative.ca\/International\/wp-json\/wp\/v2\/tags?post=39505"}],"curies":[{"name":"wp","href":"https:\/\/api.w.org\/{rel}","templated":true}]}}