{"id":39510,"date":"2019-06-08T16:50:02","date_gmt":"2019-06-08T20:50:02","guid":{"rendered":"https:\/\/linitiative.ca\/International\/israel-a-le-droit-dannexer-une-partie-de-la-cisjordanie-dit-lambassadeur-americain\/"},"modified":"2019-06-08T16:50:02","modified_gmt":"2019-06-08T20:50:02","slug":"israel-a-le-droit-dannexer-une-partie-de-la-cisjordanie-dit-lambassadeur-americain","status":"publish","type":"post","link":"https:\/\/linitiative.ca\/International\/israel-a-le-droit-dannexer-une-partie-de-la-cisjordanie-dit-lambassadeur-americain\/","title":{"rendered":"Isra\u00ebl a le \u00ab\u00a0droit\u00a0\u00bb d\u2019annexer une partie de la Cisjordanie, dit l\u2019ambassadeur am\u00e9ricain"},"content":{"rendered":"<div readability=\"32\">\n<p>Publi\u00e9 le 08.06.2019 \u00e0 21h50 par AFP<\/p>\n<\/div>\n<div readability=\"114\">\n<p>Isra\u00ebl a le droit d\u2019annexer \u00ab\u00a0une partie\u00a0\u00bb de la Cisjordanie occup\u00e9e, a affirm\u00e9 samedi l\u2019ambassadeur am\u00e9ricain dans l\u2019Etat h\u00e9breu, des propos susceptibles de renforcer l\u2019opposition des Palestiniens \u00e0 un plan de paix de Washington que les Etats-Unis n\u2019ont pas encore d\u00e9voil\u00e9.<\/p>\n<p>Les Palestiniens ont rejet\u00e9 ce plan de paix avant m\u00eame de le conna\u00eetre tant l\u2019administration du pr\u00e9sident am\u00e9ricain Donald Trump s\u2019est discr\u00e9dit\u00e9e \u00e0 leurs yeux par ses mesures hostiles \u00e0 leur cause et fonci\u00e8rement pro-isra\u00e9liennes selon eux, comme le transfert de l\u2019ambassade am\u00e9ricaine \u00e0 J\u00e9rusalem en mai 2018.<\/p>\n<p>\u00ab\u00a0Sous certaines circonstances (\u2026) je pense qu\u2019Isra\u00ebl a le droit de conserver une partie, mais pas toute, de la Cisjordanie\u00a0\u00bb, territoire palestinien occup\u00e9 par Isra\u00ebl depuis plus de 50 ans, a d\u00e9clar\u00e9 l\u2019ambassadeur am\u00e9ricain en Isra\u00ebl, David Friedman, dans une interview publi\u00e9e samedi dans le quotidien am\u00e9ricain New York Times.<\/p>\n<p>Aucune date n\u2019a encore \u00e9t\u00e9 fix\u00e9e pour l\u2019annonce du plan de paix, mais il ne devrait pas r\u00e9pondre aux principales revendications des Palestiniens, comme l\u2019instauration d\u2019un Etat souverain.<\/p>\n<p>La Maison Blanche a pr\u00e9vu de pr\u00e9senter les 25 et 26 juin \u00e0 Bahre\u00efn le volet \u00e9conomique du plan.<\/p>\n<p>\u00ab\u00a0La derni\u00e8re chose dont le monde a besoin c\u2019est d\u2019un Etat palestinien d\u00e9faillant entre Isra\u00ebl et la Jordanie\u00a0\u00bb, a affirm\u00e9 M. Friedman, ajoutant: \u00ab\u00a0Nous comptons sur le fait que le bon plan au bon moment recevra la bonne r\u00e9action\u00a0\u00bb.<\/p>\n<p>Soutenant avec ferveur les colonies isra\u00e9liennes, M. Friedman a \u00e9galement d\u00e9clar\u00e9 que le plan de paix am\u00e9ricain \u00e9tait destin\u00e9 \u00e0 am\u00e9liorer la qualit\u00e9 de vie des Palestiniens, mais sans procurer de \u00ab\u00a0r\u00e9solution permanente du conflit\u00a0\u00bb.<\/p>\n<p>L\u2019ambassadeur a pr\u00e9cis\u00e9 que les Etats-Unis collaboreront \u00e9troitement avec la Jordanie, o\u00f9 une grande partie de la population d\u2019origine palestinienne per\u00e7oit le plan am\u00e9ricain comme largement favorable \u00e0 Isra\u00ebl.<\/p>\n<p>Pour l\u2019ONG isra\u00e9lienne anticolonisation \u00ab\u00a0La Paix Maintenant\u00a0\u00bb, Donald Trump devrait rappeler M. Friedman s\u2019il souhaite que ses efforts de paix restent cr\u00e9dibles.<\/p>\n<p>\u00ab\u00a0Le pr\u00e9sident am\u00e9ricain, si c\u2019est dans ses intentions d\u2019\u00eatre un interm\u00e9diaire honn\u00eate, devrait ordonner \u00e0 Friedman de faire ses valises ce soir\u00a0\u00bb, a estim\u00e9 l\u2019ONG dans un communiqu\u00e9 publi\u00e9 sur Twitter.<\/p>\n<p>\u00ab\u00a0Avec des amis comme l\u2019ambassadeur am\u00e9ricain David Friedman, qui a besoin d\u2019ennemis ?\u00a0\u00bb, a ajout\u00e9 Peace Now.<\/p>\n<p>La colonisation par Isra\u00ebl de la Cisjordanie occup\u00e9e et de J\u00e9rusalem-Est annex\u00e9e, ill\u00e9gale au regard du droit international, s\u2019est poursuivie sous tous les gouvernements isra\u00e9liens depuis 1967.<\/p>\n<p>Plus de 600.000 colons isra\u00e9liens y m\u00e8nent une coexistence souvent conflictuelle avec pr\u00e8s de trois millions de Palestiniens.<\/p>\n<p>Lors de la campagne pour les l\u00e9gislatives d\u2019avril, le Premier ministre isra\u00e9lien Benjamin Netanyahu avait promis, en cas de r\u00e9\u00e9lection, d\u2019annexer des colonies isra\u00e9liennes en Cisjordanie.<\/p>\n<p>Ayant \u00e9chou\u00e9 \u00e0 former une coalition apr\u00e8s les \u00e9lections, M. Netanyahu a d\u00fb faire voter par le Parlement sa dissolution afin d\u2019\u00e9viter que le pr\u00e9sident ne confie \u00e0 un autre le soin de former une coalition sans lui. De nouvelles \u00e9lections auront lieu le 17 septembre.<\/p>\n<\/div>\n<p>Auteur: AFP<br \/>\n<a href=\"https:\/\/www.journalducameroun.com\/israel-a-le-droit-dannexer-une-partie-de-la-cisjordanie-dit-lambassadeur-americain\/\">Cliquez ici pour lire l&rsquo;article depuis sa source.<\/a><\/p>\n","protected":false},"excerpt":{"rendered":"<p>Publi\u00e9 le 08.06.2019 \u00e0 21h50 par AFP Isra\u00ebl a le droit d\u2019annexer \u00ab\u00a0une partie\u00a0\u00bb de la Cisjordanie occup\u00e9e, a affirm\u00e9 samedi l\u2019ambassadeur am\u00e9ricain dans l\u2019Etat h\u00e9breu, des propos susceptibles de renforcer l\u2019opposition des Palestiniens \u00e0 un plan de paix de Washington que les Etats-Unis n\u2019ont pas encore d\u00e9voil\u00e9. Les Palestiniens ont rejet\u00e9 ce plan de [&hellip;]<\/p>\n","protected":false},"author":1965,"featured_media":0,"comment_status":"closed","ping_status":"closed","sticky":false,"template":"","format":"standard","meta":{"fifu_image_url":"","fifu_image_alt":"","footnotes":""},"categories":[73,82],"tags":[],"class_list":["post-39510","post","type-post","status-publish","format-standard","hentry","category-actualite","category-cameroun"],"_links":{"self":[{"href":"https:\/\/linitiative.ca\/International\/wp-json\/wp\/v2\/posts\/39510","targetHints":{"allow":["GET"]}}],"collection":[{"href":"https:\/\/linitiative.ca\/International\/wp-json\/wp\/v2\/posts"}],"about":[{"href":"https:\/\/linitiative.ca\/International\/wp-json\/wp\/v2\/types\/post"}],"author":[{"embeddable":true,"href":"https:\/\/linitiative.ca\/International\/wp-json\/wp\/v2\/users\/1965"}],"replies":[{"embeddable":true,"href":"https:\/\/linitiative.ca\/International\/wp-json\/wp\/v2\/comments?post=39510"}],"version-history":[{"count":0,"href":"https:\/\/linitiative.ca\/International\/wp-json\/wp\/v2\/posts\/39510\/revisions"}],"wp:attachment":[{"href":"https:\/\/linitiative.ca\/International\/wp-json\/wp\/v2\/media?parent=39510"}],"wp:term":[{"taxonomy":"category","embeddable":true,"href":"https:\/\/linitiative.ca\/International\/wp-json\/wp\/v2\/categories?post=39510"},{"taxonomy":"post_tag","embeddable":true,"href":"https:\/\/linitiative.ca\/International\/wp-json\/wp\/v2\/tags?post=39510"}],"curies":[{"name":"wp","href":"https:\/\/api.w.org\/{rel}","templated":true}]}}