{"id":39511,"date":"2019-06-08T16:50:05","date_gmt":"2019-06-08T20:50:05","guid":{"rendered":"https:\/\/linitiative.ca\/International\/en-colombie-angelina-jolie-plaide-pour-les-enfants-apatrides-de-migrants-venezueliens\/"},"modified":"2019-06-08T16:50:05","modified_gmt":"2019-06-08T20:50:05","slug":"en-colombie-angelina-jolie-plaide-pour-les-enfants-apatrides-de-migrants-venezueliens","status":"publish","type":"post","link":"https:\/\/linitiative.ca\/International\/en-colombie-angelina-jolie-plaide-pour-les-enfants-apatrides-de-migrants-venezueliens\/","title":{"rendered":"En Colombie, Angelina Jolie plaide pour les enfants apatrides de migrants v\u00e9n\u00e9zu\u00e9liens"},"content":{"rendered":"<div readability=\"32\">\n<p>Publi\u00e9 le 08.06.2019 \u00e0 21h50 par AFP<\/p>\n<\/div>\n<div readability=\"98\">\n<p>L\u2019actrice Angelina Jolie, envoy\u00e9e sp\u00e9ciale de l\u2019ONU pour les r\u00e9fugi\u00e9s, a plaid\u00e9 samedi aupr\u00e8s du gouvernement colombien en faveur des quelque 20.000 enfants de parents v\u00e9n\u00e9zu\u00e9liens qui risquent de se retrouver apatrides, cons\u00e9quence de l\u2019exode provoqu\u00e9 par la crise au Venezuela voisin.<\/p>\n<p>L\u2019actrice am\u00e9ricaine a \u00e9voqu\u00e9 ce ph\u00e9nom\u00e8ne m\u00e9connu avec le pr\u00e9sident colombien Ivan Duque, dans le cadre d\u2019une visite de deux jours en Colombie.<\/p>\n<p>\u00ab\u00a0Avec le pr\u00e9sident nous avons parl\u00e9 du risque que plus de 20.000 enfants v\u00e9n\u00e9zu\u00e9liens deviennent apatrides et de son engagement \u00e0 toujours venir en aide aux enfants\u00a0\u00bb, a-t-elle d\u00e9clar\u00e9 apr\u00e8s l\u2019entretien, qui s\u2019est d\u00e9roul\u00e9 \u00e0 Carthag\u00e8ne (nord).<\/p>\n<p>Quelque 3,3 millions de personnes ont fui depuis d\u00e9but 2016 la crise au Venezuela, selon l\u2019ONU.<\/p>\n<p>La Colombie, qui en accueille quelque 1,3 million \u00e0 elle seule, ne reconna\u00eet pas automatiquement comme ses ressortissants les enfants n\u00e9s sur son territoire.<\/p>\n<p>Or, de nombreux migrants sont en situation irr\u00e9guli\u00e8re, et les parents peinent \u00e0 faire enregistrer leurs enfants dans les consulats v\u00e9n\u00e9zu\u00e9liens, en pleine rupture diplomatique entre Caracas et Bogota.<\/p>\n<p>Ivan Duque, qui appuie les pressions internationales sur le gouvernement du pr\u00e9sident socialiste v\u00e9n\u00e9zu\u00e9lien Nicolas Maduro, a \u00e9galement soulign\u00e9 l\u2019urgence de r\u00e9soudre ce probl\u00e8me.<\/p>\n<p>\u00ab\u00a0Nous voulons nous occuper de (\u2026) la naturalisation de milliers d\u2019enfants v\u00e9n\u00e9zu\u00e9liens dans notre pays, qui n\u2019ont pas aujourd\u2019hui de situation migratoire d\u00e9finie (\u2026). Faire cela, c\u2019est une fa\u00e7on humanitaire de leur donner opportunit\u00e9 et bienfaits\u00a0\u00bb, a-t-il lanc\u00e9.<\/p>\n<p>De son c\u00f4t\u00e9, Angelina Jolie a vant\u00e9 la mani\u00e8re dont la Colombie fait face \u00e0 la plus importante vague migratoire de son histoire, apr\u00e8s s\u2019\u00eatre rendue dans une zone frontali\u00e8re.<\/p>\n<p>\u00ab\u00a0J\u2019ai vu par moi-m\u00eame la pression qui repose sur les \u00e9coles, les h\u00f4pitaux et les services locaux, mais j\u2019ai vu aussi de quelle mani\u00e8re inspirante les communaut\u00e9s locales font preuve d\u2019humanit\u00e9\u00a0\u00bb, a dit l\u2019ambassadrice de bonne volont\u00e9 du Haut-Commissariat de l\u2019ONU pour les r\u00e9fugi\u00e9s (HCR).<\/p>\n<p>Le Venezuela traverse une grave crise \u00e9conomique et souffre de p\u00e9nuries de nourriture et de m\u00e9dicaments, alors que le bras de fer se poursuit entre le pr\u00e9sident Nicolas Maduro et l\u2019opposant Juan Guaido, qui s\u2019est proclam\u00e9 chef de l\u2019Etat par int\u00e9rim et a \u00e9t\u00e9 reconnu comme tel par une cinquantaine de pays, dont les Etats-Unis.<\/p>\n<\/div>\n<p>Auteur: AFP<br \/>\n<a href=\"https:\/\/www.journalducameroun.com\/en-colombie-angelina-jolie-plaide-pour-les-enfants-apatrides-de-migrants-venezueliens\/\">Cliquez ici pour lire l&rsquo;article depuis sa source.<\/a><\/p>\n","protected":false},"excerpt":{"rendered":"<p>Publi\u00e9 le 08.06.2019 \u00e0 21h50 par AFP L\u2019actrice Angelina Jolie, envoy\u00e9e sp\u00e9ciale de l\u2019ONU pour les r\u00e9fugi\u00e9s, a plaid\u00e9 samedi aupr\u00e8s du gouvernement colombien en faveur des quelque 20.000 enfants de parents v\u00e9n\u00e9zu\u00e9liens qui risquent de se retrouver apatrides, cons\u00e9quence de l\u2019exode provoqu\u00e9 par la crise au Venezuela voisin. L\u2019actrice am\u00e9ricaine a \u00e9voqu\u00e9 ce ph\u00e9nom\u00e8ne [&hellip;]<\/p>\n","protected":false},"author":1965,"featured_media":0,"comment_status":"closed","ping_status":"closed","sticky":false,"template":"","format":"standard","meta":{"fifu_image_url":"","fifu_image_alt":"","footnotes":""},"categories":[73,82],"tags":[],"class_list":["post-39511","post","type-post","status-publish","format-standard","hentry","category-actualite","category-cameroun"],"_links":{"self":[{"href":"https:\/\/linitiative.ca\/International\/wp-json\/wp\/v2\/posts\/39511","targetHints":{"allow":["GET"]}}],"collection":[{"href":"https:\/\/linitiative.ca\/International\/wp-json\/wp\/v2\/posts"}],"about":[{"href":"https:\/\/linitiative.ca\/International\/wp-json\/wp\/v2\/types\/post"}],"author":[{"embeddable":true,"href":"https:\/\/linitiative.ca\/International\/wp-json\/wp\/v2\/users\/1965"}],"replies":[{"embeddable":true,"href":"https:\/\/linitiative.ca\/International\/wp-json\/wp\/v2\/comments?post=39511"}],"version-history":[{"count":0,"href":"https:\/\/linitiative.ca\/International\/wp-json\/wp\/v2\/posts\/39511\/revisions"}],"wp:attachment":[{"href":"https:\/\/linitiative.ca\/International\/wp-json\/wp\/v2\/media?parent=39511"}],"wp:term":[{"taxonomy":"category","embeddable":true,"href":"https:\/\/linitiative.ca\/International\/wp-json\/wp\/v2\/categories?post=39511"},{"taxonomy":"post_tag","embeddable":true,"href":"https:\/\/linitiative.ca\/International\/wp-json\/wp\/v2\/tags?post=39511"}],"curies":[{"name":"wp","href":"https:\/\/api.w.org\/{rel}","templated":true}]}}