{"id":39512,"date":"2019-06-08T16:50:06","date_gmt":"2019-06-08T20:50:06","guid":{"rendered":"https:\/\/linitiative.ca\/International\/gabon-ali-bongo-a-demande-a-son-premier-ministre-de-former-un-nouveau-gouvernement\/"},"modified":"2019-06-08T16:50:06","modified_gmt":"2019-06-08T20:50:06","slug":"gabon-ali-bongo-a-demande-a-son-premier-ministre-de-former-un-nouveau-gouvernement","status":"publish","type":"post","link":"https:\/\/linitiative.ca\/International\/gabon-ali-bongo-a-demande-a-son-premier-ministre-de-former-un-nouveau-gouvernement\/","title":{"rendered":"Gabon: Ali Bongo a demand\u00e9 \u00e0 son Premier ministre de former un nouveau gouvernement"},"content":{"rendered":"<div readability=\"32\">\n<p>Publi\u00e9 le 08.06.2019 \u00e0 21h50 par AFP<\/p>\n<\/div>\n<div readability=\"106\">\n<p>Au cours de sa premi\u00e8re allocution t\u00e9l\u00e9vis\u00e9e depuis pr\u00e8s de six mois, le pr\u00e9sident gabonais Ali Bongo Ondimba a annonc\u00e9 samedi soir qu\u2019il avait demand\u00e9 \u00e0 son Premier ministre la formation d\u2019un nouveau gouvernement \u00ab\u00a0capable de faire preuve d\u2019exemplarit\u00e9\u00a0\u00bb.<\/p>\n<p>\u00ab\u00a0Aussi ai-je demand\u00e9 au Premier ministre de former un nouveau gouvernement plus restreint, constitu\u00e9 de femmes et d\u2019hommes pr\u00eats \u00e0 donner la priorit\u00e9 \u00e0 l\u2019int\u00e9r\u00eat g\u00e9n\u00e9ral et capable de faire preuve d\u2019exemplarit\u00e9, de probit\u00e9, d\u2019\u00e9thique\u00a0\u00bb, a d\u00e9clar\u00e9 M. Bongo qui s\u2019exprimait lors d\u2019un discours enregistr\u00e9 diffus\u00e9 par la t\u00e9l\u00e9vision nationale.<\/p>\n<p>\u00ab\u00a0Le m\u00e9nage doit \u00eatre fait au sein de notre classe politique, au sein de laquelle le mot \u00e9thique doit r\u00e9sonner avec force\u00a0\u00bb, a-t-il ajout\u00e9.<\/p>\n<p>Il s\u2019agit de la premi\u00e8re allocution au pays du pr\u00e9sident Bongo depuis d\u00e9cembre 2018, apr\u00e8s avoir \u00e9t\u00e9 victime d\u2019un accident vasculaire-c\u00e9r\u00e9bral (AVC) fin octobre de la m\u00eame ann\u00e9e, et dont il se remet actuellement.<\/p>\n<p>V\u00eatu d\u2019un costume bleu marine et portant une cravate bleu ciel, M. Bongo s\u2019est exprim\u00e9 depuis son bureau, joignant le geste \u00e0 la parole avec ses deux mains pendant un discours qui a dur\u00e9 plus de huit minutes.<\/p>\n<p>Cette intervention survient le jour de la comm\u00e9moration de la mort de son p\u00e8re Omar Bongo Ondimba, d\u00e9c\u00e9d\u00e9 le 8 juin 2009 \u00e0 Barcelone, apr\u00e8s avoir dirig\u00e9 le pays pendant 41 ans.<\/p>\n<p>A cette occasion, une grande messe \u0153cum\u00e9nique a eu lieu samedi dans le luxueux palais pr\u00e9sidentiel de front de mer \u00e0 Libreville.<\/p>\n<p>Entour\u00e9 de plusieurs homologues africains et de nombreuses personnalit\u00e9s politiques gabonaises, le pr\u00e9sident Bongo a assist\u00e9 \u00e0 cette messe, assis au c\u00f4t\u00e9 de son \u00e9pouse Sylvia, lui tenant la main, selon des images diffus\u00e9es par la t\u00e9l\u00e9vision nationale qui a retransmis l\u2019\u00e9v\u00e9nement en direct.<\/p>\n<p>Apr\u00e8s cinq mois de convalescence \u00e0 l\u2019\u00e9tranger \u00e0 la suite de son AVC, le pr\u00e9sident Bongo est rentr\u00e9 le 23 mars \u00e0 Libreville pour un \u00ab\u00a0retour d\u00e9finitif\u00a0\u00bb, ne pronon\u00e7ant que quelques mots \u00e0 son arriv\u00e9e.<\/p>\n<p>Son \u00ab\u00a0retour d\u00e9finitif\u00a0\u00bb devait notamment faire taire l\u2019opposition qui r\u00e9clamait depuis son AVC que la vacance du pouvoir soit d\u00e9clar\u00e9e.<\/p>\n<p>Le chef de l\u2019Etat s\u2019\u00e9tait adress\u00e9 \u00e0 la nation dans un bref discours de fin d\u2019ann\u00e9e, enregistr\u00e9 \u00e0 Rabat, lieu de sa convalescence, diffus\u00e9 le 31 d\u00e9cembre. Puis, marchant \u00e0 l\u2019aide d\u2019une canne, il avait prononc\u00e9 quelques mots \u00e0 son arriv\u00e9e \u00e0 Libreville.<\/p>\n<p>Depuis, il n\u2019avait fait aucune d\u00e9claration publique, mais il a multipli\u00e9 les entretiens au palais pr\u00e9sidentiel avec des chefs d\u2019Etat africains, dont les pr\u00e9sidents s\u00e9n\u00e9galais et ivoirien, Macky Sall et Alassane Ouattara. Il s\u2019est \u00e9galement entretenu mercredi avec le pr\u00e9sident tchadien Idriss D\u00e9by Itno.<\/p>\n<\/div>\n<p>Auteur: AFP<br \/>\n<a href=\"https:\/\/www.journalducameroun.com\/gabon-ali-bongo-a-demande-a-son-premier-ministre-de-former-un-nouveau-gouvernement\/\">Cliquez ici pour lire l&rsquo;article depuis sa source.<\/a><\/p>\n","protected":false},"excerpt":{"rendered":"<p>Publi\u00e9 le 08.06.2019 \u00e0 21h50 par AFP Au cours de sa premi\u00e8re allocution t\u00e9l\u00e9vis\u00e9e depuis pr\u00e8s de six mois, le pr\u00e9sident gabonais Ali Bongo Ondimba a annonc\u00e9 samedi soir qu\u2019il avait demand\u00e9 \u00e0 son Premier ministre la formation d\u2019un nouveau gouvernement \u00ab\u00a0capable de faire preuve d\u2019exemplarit\u00e9\u00a0\u00bb. \u00ab\u00a0Aussi ai-je demand\u00e9 au Premier ministre de former un [&hellip;]<\/p>\n","protected":false},"author":1965,"featured_media":0,"comment_status":"closed","ping_status":"closed","sticky":false,"template":"","format":"standard","meta":{"fifu_image_url":"","fifu_image_alt":"","footnotes":""},"categories":[73,82],"tags":[],"class_list":["post-39512","post","type-post","status-publish","format-standard","hentry","category-actualite","category-cameroun"],"_links":{"self":[{"href":"https:\/\/linitiative.ca\/International\/wp-json\/wp\/v2\/posts\/39512","targetHints":{"allow":["GET"]}}],"collection":[{"href":"https:\/\/linitiative.ca\/International\/wp-json\/wp\/v2\/posts"}],"about":[{"href":"https:\/\/linitiative.ca\/International\/wp-json\/wp\/v2\/types\/post"}],"author":[{"embeddable":true,"href":"https:\/\/linitiative.ca\/International\/wp-json\/wp\/v2\/users\/1965"}],"replies":[{"embeddable":true,"href":"https:\/\/linitiative.ca\/International\/wp-json\/wp\/v2\/comments?post=39512"}],"version-history":[{"count":0,"href":"https:\/\/linitiative.ca\/International\/wp-json\/wp\/v2\/posts\/39512\/revisions"}],"wp:attachment":[{"href":"https:\/\/linitiative.ca\/International\/wp-json\/wp\/v2\/media?parent=39512"}],"wp:term":[{"taxonomy":"category","embeddable":true,"href":"https:\/\/linitiative.ca\/International\/wp-json\/wp\/v2\/categories?post=39512"},{"taxonomy":"post_tag","embeddable":true,"href":"https:\/\/linitiative.ca\/International\/wp-json\/wp\/v2\/tags?post=39512"}],"curies":[{"name":"wp","href":"https:\/\/api.w.org\/{rel}","templated":true}]}}