{"id":39513,"date":"2019-06-08T17:50:02","date_gmt":"2019-06-08T21:50:02","guid":{"rendered":"https:\/\/linitiative.ca\/International\/gabon-bongo-sort-du-silence-et-demande-un-nouveau-gouvernement\/"},"modified":"2019-06-08T17:50:02","modified_gmt":"2019-06-08T21:50:02","slug":"gabon-bongo-sort-du-silence-et-demande-un-nouveau-gouvernement","status":"publish","type":"post","link":"https:\/\/linitiative.ca\/International\/gabon-bongo-sort-du-silence-et-demande-un-nouveau-gouvernement\/","title":{"rendered":"Gabon: Bongo sort du silence et demande un nouveau gouvernement"},"content":{"rendered":"<div readability=\"32\">\n<p>Publi\u00e9 le 08.06.2019 \u00e0 22h50 par AFP<\/p>\n<\/div>\n<div readability=\"151\">\n<p>Apr\u00e8s pr\u00e8s de six mois de silence, le pr\u00e9sident gabonais Ali Bongo Ondimba, qui se remet actuellement d\u2019un accident vasculaire-c\u00e9r\u00e9bral (AVC), a annonc\u00e9 samedi soir avoir demand\u00e9 la formation d\u2019un nouveau gouvernement capable \u00ab\u00a0d\u2019exemplarit\u00e9\u00a0\u00bb.<\/p>\n<p>M. Bongo a indiqu\u00e9 avoir demand\u00e9 au Premier ministre \u00ab\u00a0de former un nouveau gouvernement plus restreint, constitu\u00e9 de femmes et d\u2019hommes pr\u00eats \u00e0 donner la priorit\u00e9 \u00e0 l\u2019int\u00e9r\u00eat g\u00e9n\u00e9ral et capable de faire preuve d\u2019exemplarit\u00e9, de probit\u00e9, d\u2019\u00e9thique\u00a0\u00bb.<\/p>\n<p>Il s\u2019exprimait lors d\u2019un discours enregistr\u00e9 diffus\u00e9 par la t\u00e9l\u00e9vision nationale.<\/p>\n<p>\u00ab\u00a0Le m\u00e9nage doit \u00eatre fait au sein de notre classe politique, au sein de laquelle le mot +\u00e9thique+ doit r\u00e9sonner avec force\u00a0\u00bb, a-t-il ajout\u00e9. \u00ab\u00a0Ceux qui se mettent en travers de cette voie sont pr\u00e9venus: ils seront s\u00e8chement \u00e9cart\u00e9s\u00a0\u00bb, a averti M. Bongo, au pouvoir depuis 2009 dans ce pays p\u00e9trolier d\u2019Afrique centrale.<\/p>\n<p>Il s\u2019agit de la premi\u00e8re allocution \u00e0 la nation du pr\u00e9sident Bongo depuis d\u00e9cembre 2018, apr\u00e8s avoir \u00e9t\u00e9 victime d\u2019un AVC fin octobre de la m\u00eame ann\u00e9e, et dont il se remet actuellement.<\/p>\n<p>\u00ab\u00a0Comme vous le savez, je viens de traverser une p\u00e9riode difficile de ma vie\u00a0\u00bb, a d\u00e9clar\u00e9 M. Bongo au sujet de sa sant\u00e9. \u00ab\u00a0Vaincre de telles \u00e9preuves, a-t-il dit, renforce votre d\u00e9termination \u00e0 poursuivre vos aspirations et \u00e0 tout mettre en \u0153uvre pour les concr\u00e9tiser\u00a0\u00bb.<\/p>\n<p>V\u00eatu d\u2019un costume bleu marine et portant une cravate bleu ciel, M. Bongo, 60 ans, s\u2019exprimait depuis son bureau, joignant le geste \u00e0 la parole avec ses deux mains pendant un discours qui a dur\u00e9 plus de huit minutes.<\/p>\n<p>Cette intervention survient le jour de la comm\u00e9moration du dixi\u00e8me anniversaire de la mort de son p\u00e8re Omar Bongo Ondimba, d\u00e9c\u00e9d\u00e9 le 8 juin 2009 \u00e0 Barcelone, apr\u00e8s avoir dirig\u00e9 le pays 41 ans.<\/p>\n<p>A cette occasion, une grande messe \u0153cum\u00e9nique a eu lieu samedi dans le luxueux palais pr\u00e9sidentiel de front de mer \u00e0 Libreville. Entour\u00e9 de plusieurs homologues africains et de nombreuses personnalit\u00e9s politiques gabonaises, le pr\u00e9sident Ali Bongo a assist\u00e9 \u00e0 cette messe, assis au c\u00f4t\u00e9 de son \u00e9pouse Sylvia, lui tenant la main, selon des images diffus\u00e9es par la t\u00e9l\u00e9vision nationale qui a retransmis l\u2019\u00e9v\u00e8nement en direct.<\/p>\n<p>Samedi soir, le pr\u00e9sident a rendu un hommage \u00e0 son pr\u00e9decesseur, le qualifiant de \u00ab\u00a0p\u00e8re fondateur\u00a0\u00bb et saluant \u00ab\u00a0son pragmatisme et sa tenacit\u00e9\u00a0\u00bb.<\/p>\n<p>\u00ab\u00a0Il nous a l\u00e9gu\u00e9 un pr\u00e9cieux h\u00e9ritage, et des fondements qu\u2019il nous revient de consolider, pour aller plus loin\u00a0\u00bb, a-t-il soulign\u00e9.<\/p>\n<p>\u2013 \u00ab\u00a0Kevazingogate\u00a0\u00bb \u2013<\/p>\n<p>L\u2019annonce d\u2019un remaniement survient deux semaines apr\u00e8s le limogeage du vice-pr\u00e9sident gabonais et du ministre des For\u00eats, accus\u00e9s d\u2019avoir pris part \u00e0 un trafic de kevazingo, un bois pr\u00e9cieux pr\u00e9sent au Gabon, chiffr\u00e9 \u00e0 plusieurs millions d\u2019euros.<\/p>\n<p>\u00ab\u00a0Il est capital pour notre nation d\u2019en finir une fois pour toutes avec la corruption qui gangr\u00e8ne nos institutions, il est capital d\u2019en finir avec la mauvaise gestion, la mauvaise gouvernance\u00a0\u00bb, a affirm\u00e9 le chef de l\u2019Etat.<\/p>\n<p>Cette phrase fait \u00e9cho aux propos prononc\u00e9s par son p\u00e8re d\u00e9funt deux ans avant sa mort: \u00ab\u00a0le client\u00e9lisme, l\u2019affairisme, la corruption (\u2026) ont gangr\u00e9n\u00e9 les pouvoirs publics\u00a0\u00bb, d\u00e9non\u00e7ait d\u00e9j\u00e0 Omar Bongo Ondimba en 2007.<\/p>\n<p>Apr\u00e8s cinq mois de convalescence \u00e0 l\u2019\u00e9tranger \u00e0 la suite de son AVC, Ali Bongo est rentr\u00e9 le 23 mars \u00e0 Libreville pour un \u00ab\u00a0retour d\u00e9finitif\u00a0\u00bb. Marchant \u00e0 l\u2019aide d\u2019une canne, il n\u2019avait prononc\u00e9 que quelques mots \u00e0 son arriv\u00e9e \u00e0 Libreville.<\/p>\n<p>Ce retour devait notamment faire taire l\u2019opposition qui r\u00e9clamait depuis son AVC que la vacance du pouvoir soit d\u00e9clar\u00e9e.<\/p>\n<p>Auparavant, le chef de l\u2019Etat s\u2019\u00e9tait adress\u00e9 \u00e0 la nation dans un bref discours de fin d\u2019ann\u00e9e, enregistr\u00e9 \u00e0 Rabat, lieu de sa convalescence, diffus\u00e9 le 31 d\u00e9cembre.<\/p>\n<p>Depuis, il n\u2019avait fait aucune d\u00e9claration publique mais a multipli\u00e9 les entretiens au palais pr\u00e9sidentiel avec des chefs d\u2019Etat africains, dont les pr\u00e9sidents s\u00e9n\u00e9galais et ivoirien, Macky Sall et Alassane Ouattara.<\/p>\n<p>Il s\u2019est \u00e9galement entretenu mercredi avec le pr\u00e9sident tchadien Idriss D\u00e9by Itno.<\/p>\n<\/div>\n<p>Auteur: AFP<br \/>\n<a href=\"https:\/\/www.journalducameroun.com\/gabon-bongo-sort-du-silence-et-demande-un-nouveau-gouvernement\/\">Cliquez ici pour lire l&rsquo;article depuis sa source.<\/a><\/p>\n","protected":false},"excerpt":{"rendered":"<p>Publi\u00e9 le 08.06.2019 \u00e0 22h50 par AFP Apr\u00e8s pr\u00e8s de six mois de silence, le pr\u00e9sident gabonais Ali Bongo Ondimba, qui se remet actuellement d\u2019un accident vasculaire-c\u00e9r\u00e9bral (AVC), a annonc\u00e9 samedi soir avoir demand\u00e9 la formation d\u2019un nouveau gouvernement capable \u00ab\u00a0d\u2019exemplarit\u00e9\u00a0\u00bb. M. Bongo a indiqu\u00e9 avoir demand\u00e9 au Premier ministre \u00ab\u00a0de former un nouveau gouvernement [&hellip;]<\/p>\n","protected":false},"author":1965,"featured_media":0,"comment_status":"closed","ping_status":"closed","sticky":false,"template":"","format":"standard","meta":{"fifu_image_url":"","fifu_image_alt":"","footnotes":""},"categories":[73,82],"tags":[],"class_list":["post-39513","post","type-post","status-publish","format-standard","hentry","category-actualite","category-cameroun"],"_links":{"self":[{"href":"https:\/\/linitiative.ca\/International\/wp-json\/wp\/v2\/posts\/39513","targetHints":{"allow":["GET"]}}],"collection":[{"href":"https:\/\/linitiative.ca\/International\/wp-json\/wp\/v2\/posts"}],"about":[{"href":"https:\/\/linitiative.ca\/International\/wp-json\/wp\/v2\/types\/post"}],"author":[{"embeddable":true,"href":"https:\/\/linitiative.ca\/International\/wp-json\/wp\/v2\/users\/1965"}],"replies":[{"embeddable":true,"href":"https:\/\/linitiative.ca\/International\/wp-json\/wp\/v2\/comments?post=39513"}],"version-history":[{"count":0,"href":"https:\/\/linitiative.ca\/International\/wp-json\/wp\/v2\/posts\/39513\/revisions"}],"wp:attachment":[{"href":"https:\/\/linitiative.ca\/International\/wp-json\/wp\/v2\/media?parent=39513"}],"wp:term":[{"taxonomy":"category","embeddable":true,"href":"https:\/\/linitiative.ca\/International\/wp-json\/wp\/v2\/categories?post=39513"},{"taxonomy":"post_tag","embeddable":true,"href":"https:\/\/linitiative.ca\/International\/wp-json\/wp\/v2\/tags?post=39513"}],"curies":[{"name":"wp","href":"https:\/\/api.w.org\/{rel}","templated":true}]}}