{"id":39535,"date":"2019-06-09T06:28:15","date_gmt":"2019-06-09T10:28:15","guid":{"rendered":"https:\/\/linitiative.ca\/International\/echange-de-tirs-entre-la-syrie-et-israel\/"},"modified":"2019-06-09T06:28:15","modified_gmt":"2019-06-09T10:28:15","slug":"echange-de-tirs-entre-la-syrie-et-israel","status":"publish","type":"post","link":"https:\/\/linitiative.ca\/International\/echange-de-tirs-entre-la-syrie-et-israel\/","title":{"rendered":"Echange de tirs entre la Syrie et Isra\u00ebl"},"content":{"rendered":"<p class=\"c4\"><span class=\"c3\"><strong><span class=\"c2\">U<\/span>n communiqu\u00e9 de l\u2019arm\u00e9e isra\u00e9lienne a fait \u00e9tat, ce samedi, du tir de deux roquettes provenant de Syrie en direction du mont Hermon situ\u00e9 sur le plateau du Golan occup\u00e9. Aussi, en riposte \u00e0 cette \u00abagression\u00bb et conform\u00e9ment aux ordres donn\u00e9s par le Premier ministre Benjamin Netanyahou, Tsahal aurait attaqu\u00e9 \u00abdeux batteries d\u2019artillerie syriennes, un certain nombre de postes d\u2019observations et de renseignements sur les hauteurs du Golan et une batterie de d\u00e9fense a\u00e9rienne SA-23\u00bb.<\/strong><\/span><\/p>\n<p class=\"c4\">Ayant vis\u00e9 la capitale syrienne mais aussi la province de Kuneitra qui comprend une partie du plateau du Golan occup\u00e9, les missiles isra\u00e9liens auraient tu\u00e9 trois soldats syriens\u00a0\u00a0et sept combattants de nationalit\u00e9 \u00e9trang\u00e8re selon l\u2019Observatoire syrien des droits de l\u2019Homme (OSDH) qui ajoute que ces attaques ont pris pour cibles \u00abdes entrep\u00f4ts et des positions\u00bb dans la r\u00e9gion d\u2019Al-Kiswah au nord-ouest de la capitale syrienne o\u00f9 sont stationn\u00e9es des soldats du r\u00e9gime d\u2019Al-Assad, des forces iraniennes et des combattants du Hizbollah libanais alli\u00e9 de Damas, tous ennemis jur\u00e9s de cet Etat juif qui n\u2019entend point laisser la Syrie \u00abdevenir la t\u00eate de pont de T\u00e9h\u00e9ran\u00bb.<\/p>\n<p class=\"c4\">Pour rappel, d\u00e8s le d\u00e9clenchement en 2011 du conflit syrien, Isra\u00ebl avait d\u00e9clar\u00e9 que toute attaque \u2013 intentionnelle ou pas \u2013 contre son territoire constituera une \u00ab\u00a0ligne rouge\u00a0\u00bb et sa violation entra\u00eenera une riposte imm\u00e9diate. Aussi, les centaines de frappes effectu\u00e9es par l\u2019aviation isra\u00e9lienne contre les positions syriennes et alli\u00e9es entreraient toutes dans ce cadre. Et si la derni\u00e8re frappe isra\u00e9lienne contre le territoire syrien est intervenue le 17 mai dernier, en septembre 2018, un avion militaire russe avait m\u00eame \u00e9t\u00e9 abattu \u00abaccidentellement\u00bb par la d\u00e9fense anti-a\u00e9rienne syrienne lorsque cette derni\u00e8re \u00e9tait entr\u00e9e en action pour bloquer les tirs isra\u00e9liens.<\/p>\n<p class=\"c4\">Mais si l\u2019Etat h\u00e9breu avait coutume de s\u2019abstenir de revendiquer les op\u00e9rations militaires qu\u2019il m\u00e8ne en Syrie alors m\u00eame qu\u2019il est quasiment impossible d\u2019entreprendre une quelconque op\u00e9ration sans que tous les protagonistes ne s\u2019en aper\u00e7oivent, le \u00absilence\u00bb de Tel Aviv permettait, surtout, aux forces syriennes et iraniennes, de ne point y r\u00e9pondre et, \u00e0 ce titre, d\u2019\u00e9viter une escalade. Or, aujourd\u2019hui la donne a chang\u00e9.<\/p>\n<p class=\"c4\">Ainsi, en mati\u00e8re de politique \u00e9trang\u00e8re, Isra\u00ebl -principal alli\u00e9 de Washington dans la r\u00e9gion- se doit de r\u00e9affirmer que sa d\u00e9termination d\u2019emp\u00eacher une implantation iranienne en Syrie reste intacte nonobstant l\u2019annonce, en D\u00e9cembre dernier, par le pr\u00e9sident Donald Trump, du retrait des forces am\u00e9ricaines de Syrie.<\/p>\n<p class=\"c4\">S\u2019agissant, par ailleurs, de politique int\u00e9rieure, Benjamin Netanyahou qui assume, en outre et depuis Novembre dernier, la fonction de ministre de la D\u00e9fense est contraint de redorer un blason quelque peu terni en se pr\u00e9sentant comme \u00e9tant le meilleur garant de la s\u00e9curit\u00e9 nationale apr\u00e8s avoir essuy\u00e9, le mois dernier, un des plus graves revers de sa carri\u00e8re lorsqu\u2019il n\u2019\u00e9tait pas parvenu \u00e0 constituer une coalition d\u2019au moins 61 d\u00e9put\u00e9s apr\u00e8s le vote, par les d\u00e9put\u00e9s de la 21<sup>\u00e8me<\/sup>\u00a0Knesset, de la dissolution de l\u2019Assembl\u00e9e \u00e9lue le 9 Avril.<\/p>\n<p class=\"c4\">Enfin, le d\u00e9sengagement des troupes am\u00e9ricaines du conflit syrien va-t-il donner \u00e0 l\u2019arm\u00e9e isra\u00e9lienne l\u2019occasion d\u2019y faire une entr\u00e9e officielle et en grandes pompes\u00a0en d\u00e9pit de la pr\u00e9sence de Moscou ? Attendons pour voir\u2026<\/p>\n<p class=\"c5\"><strong>Nabil El Bousaadi<\/strong><\/p>\n<p>Auteur: rahal mehamed<br \/>\n<a href=\"http:\/\/albayane.press.ma\/echange-de-tirs-entre-la-syrie-et-israel.html\">Cliquez ici pour lire l&rsquo;article depuis sa source.<\/a><\/p>\n","protected":false},"excerpt":{"rendered":"<p>Un communiqu\u00e9 de l\u2019arm\u00e9e isra\u00e9lienne a fait \u00e9tat, ce samedi, du tir de deux roquettes provenant de Syrie en direction du mont Hermon situ\u00e9 sur le plateau du Golan occup\u00e9. Aussi, en riposte \u00e0 cette \u00abagression\u00bb et conform\u00e9ment aux ordres donn\u00e9s par le Premier ministre Benjamin Netanyahou, Tsahal aurait attaqu\u00e9 \u00abdeux batteries d\u2019artillerie syriennes, un [&hellip;]<\/p>\n","protected":false},"author":1760,"featured_media":0,"comment_status":"closed","ping_status":"closed","sticky":false,"template":"","format":"standard","meta":{"fifu_image_url":"","fifu_image_alt":"","footnotes":""},"categories":[73,54],"tags":[],"class_list":["post-39535","post","type-post","status-publish","format-standard","hentry","category-actualite","category-maroc"],"_links":{"self":[{"href":"https:\/\/linitiative.ca\/International\/wp-json\/wp\/v2\/posts\/39535","targetHints":{"allow":["GET"]}}],"collection":[{"href":"https:\/\/linitiative.ca\/International\/wp-json\/wp\/v2\/posts"}],"about":[{"href":"https:\/\/linitiative.ca\/International\/wp-json\/wp\/v2\/types\/post"}],"author":[{"embeddable":true,"href":"https:\/\/linitiative.ca\/International\/wp-json\/wp\/v2\/users\/1760"}],"replies":[{"embeddable":true,"href":"https:\/\/linitiative.ca\/International\/wp-json\/wp\/v2\/comments?post=39535"}],"version-history":[{"count":0,"href":"https:\/\/linitiative.ca\/International\/wp-json\/wp\/v2\/posts\/39535\/revisions"}],"wp:attachment":[{"href":"https:\/\/linitiative.ca\/International\/wp-json\/wp\/v2\/media?parent=39535"}],"wp:term":[{"taxonomy":"category","embeddable":true,"href":"https:\/\/linitiative.ca\/International\/wp-json\/wp\/v2\/categories?post=39535"},{"taxonomy":"post_tag","embeddable":true,"href":"https:\/\/linitiative.ca\/International\/wp-json\/wp\/v2\/tags?post=39535"}],"curies":[{"name":"wp","href":"https:\/\/api.w.org\/{rel}","templated":true}]}}