{"id":39536,"date":"2019-06-09T06:35:59","date_gmt":"2019-06-09T10:35:59","guid":{"rendered":"https:\/\/linitiative.ca\/International\/la-memoire-retrouvee\/"},"modified":"2019-06-09T06:35:59","modified_gmt":"2019-06-09T10:35:59","slug":"la-memoire-retrouvee","status":"publish","type":"post","link":"https:\/\/linitiative.ca\/International\/la-memoire-retrouvee\/","title":{"rendered":"La m\u00e9moire retrouv\u00e9e!"},"content":{"rendered":"<p class=\"c5\"><span class=\"c4\"><span class=\"c2\"><strong>L<\/strong><\/span><span class=\"c3\"><strong>a m\u00e9moire collective du Souss ne peut passer sous silence une longue p\u00e9riode de la vie de nos concitoyens, pendant des d\u00e9cennies. Un peu partout en Europe, \u00a0dans les mines de charbon, en particulier dans le nord de France, on se souviendra de l\u2019expatriation des poitrines robustes, marqu\u00e9es de \u00absceau d\u2019aptitude\u00bb d\u2019un certain Mora charg\u00e9, \u00e0 l\u2019\u00e9poque de s\u00e9lectionner les mineurs tels des \u00abBlek le Roc\u00bb, entrappeurs coriaces des bandes \u00a0dessin\u00e9es. Aujourd\u2019hui, les mines sont closes et les mineurs \u00abbeurs\u00bb toussotent toujours, sous l\u2019effet de la cellulose. Les thorax rescap\u00e9s, min\u00e9s par le charbon toxique, sont toujours t\u00e9moins d\u2019une \u00e8re r\u00e9volue, si atroce et macabre.<\/strong><\/span><\/span><\/p>\n<p class=\"c5\">A ce propos, on se rappellera qu\u2019un parterre d\u2019anciens mineurs, mis \u00e0 la retraite, eut l\u2019id\u00e9e de faire revivre ce bout de temps, de narrer les affres d\u2019une telle aventure, mais \u00e9galement des moments de regards crois\u00e9s sur une situation sulfureuse. En effet, il y a quelques ann\u00e9es de cela, en partenariat avec le Conseil national des droits de l\u2019Homme,le Conseil de la communaut\u00e9 marocaine \u00e0 l\u2019\u00e9tranger et le minist\u00e8re Charg\u00e9 de la Communaut\u00e9 Marocaine \u00e0 l\u2019Etranger, l\u2019Association des mineurs marocains r\u00e9sidents au Nord-Pas-de-Calais, avait organis\u00e9 la caravane des mineurs marocains du Nord-Pas-de-Calais sur le th\u00e8me central \u00abla m\u00e9moire au service des droits de l\u2019Homme\u00bb.<\/p>\n<p class=\"c5\">Compos\u00e9e d\u2019anciens mineurs, artistes, chercheurs, \u00e9tudiantset experts dans le domaine du d\u00e9veloppement, la caravane avait jalonn\u00e9 les villes du sud du Maroc\u00a0: Agadir, Guelmim, Ouarzazate, Tiznit et Taroudant, en vue de valoriser et de r\u00e9habiliter la m\u00e9moire et l\u2019histoire des mineurs marocains install\u00e9s dans le Pas-De Calais en France et rappeler leurs droits les plus l\u00e9gitimes. Durant cinq semaines, l\u2019exposition intitul\u00e9e \u00abLes mineurs marocains du Nord-Pas-de-Calais\u00bb, les projections de films et les pr\u00e9sentations de pi\u00e8ces de th\u00e9\u00e2tre avaient permis \u00a0de rapporter l\u2019histoire et le v\u00e9cu de ces milliers d\u2019immigr\u00e9s, arriv\u00e9s en France par flots, durant les ann\u00e9es 1960.<\/p>\n<p class=\"c5\">Des caf\u00e9-m\u00e9moires et des rencontres \u00e9taient aussi une occasion d\u2019entendre les t\u00e9moignages \u00e9mouvants d\u2019une flop\u00e9e de mineurs \u00a0marocains install\u00e9s aujourd\u2019hui au Maroc et de rapprocher leurs\u00a0 attentes et leurs aspirations. Enfin, des tables rondes et s\u00e9minaires avaient abouti \u00e0 la mise en place d\u2019actions de d\u00e9veloppement, de solidarit\u00e9 et d\u2019acc\u00e8s aux droits au Maroc.\u00a0 Il est \u00e0 noter que \u00a0les initiateurs et des b\u00e9n\u00e9voles attach\u00e9s \u00e0 la cause migratoire, cette louable action ouverte aux immigr\u00e9s et \u00e0 leurs familles, jeunes, \u00e9tudiants, petits apprenants, institutionnels et au grand public.<\/p>\n<p class=\"c5\">Cette initiative de haute port\u00e9e humaine et sociale, avait contribu\u00e9 \u00e0 la production d\u2019un livre blanc \u00e0 destination des acteurs politiques et des acteurs de d\u00e9veloppement en France et au Maroc.On remuera encore cette ancienne id\u00e9e qui date de 2012, non pas pour rem\u00e9morer un temps path\u00e9tique, mais pour se r\u00e9concilier avec l\u2019histoire et se rafra\u00eechir la m\u00e9moire d\u2019un pass\u00e9 ardu que les compatriotes ont d\u00fb vivre pour servir de le\u00e7on aux g\u00e9n\u00e9rations montantes. Et si on r\u00e9\u00e9ditait cette belle activit\u00e9, ce serait une bonne chose!<\/p>\n<p>Auteur: rahal mehamed<br \/>\n<a href=\"http:\/\/albayane.press.ma\/la-memoire-retrouvee.html\">Cliquez ici pour lire l&rsquo;article depuis sa source.<\/a><\/p>\n","protected":false},"excerpt":{"rendered":"<p>La m\u00e9moire collective du Souss ne peut passer sous silence une longue p\u00e9riode de la vie de nos concitoyens, pendant des d\u00e9cennies. Un peu partout en Europe, \u00a0dans les mines de charbon, en particulier dans le nord de France, on se souviendra de l\u2019expatriation des poitrines robustes, marqu\u00e9es de \u00absceau d\u2019aptitude\u00bb d\u2019un certain Mora charg\u00e9, [&hellip;]<\/p>\n","protected":false},"author":1760,"featured_media":0,"comment_status":"closed","ping_status":"closed","sticky":false,"template":"","format":"standard","meta":{"fifu_image_url":"","fifu_image_alt":"","footnotes":""},"categories":[73,54],"tags":[],"class_list":["post-39536","post","type-post","status-publish","format-standard","hentry","category-actualite","category-maroc"],"_links":{"self":[{"href":"https:\/\/linitiative.ca\/International\/wp-json\/wp\/v2\/posts\/39536","targetHints":{"allow":["GET"]}}],"collection":[{"href":"https:\/\/linitiative.ca\/International\/wp-json\/wp\/v2\/posts"}],"about":[{"href":"https:\/\/linitiative.ca\/International\/wp-json\/wp\/v2\/types\/post"}],"author":[{"embeddable":true,"href":"https:\/\/linitiative.ca\/International\/wp-json\/wp\/v2\/users\/1760"}],"replies":[{"embeddable":true,"href":"https:\/\/linitiative.ca\/International\/wp-json\/wp\/v2\/comments?post=39536"}],"version-history":[{"count":0,"href":"https:\/\/linitiative.ca\/International\/wp-json\/wp\/v2\/posts\/39536\/revisions"}],"wp:attachment":[{"href":"https:\/\/linitiative.ca\/International\/wp-json\/wp\/v2\/media?parent=39536"}],"wp:term":[{"taxonomy":"category","embeddable":true,"href":"https:\/\/linitiative.ca\/International\/wp-json\/wp\/v2\/categories?post=39536"},{"taxonomy":"post_tag","embeddable":true,"href":"https:\/\/linitiative.ca\/International\/wp-json\/wp\/v2\/tags?post=39536"}],"curies":[{"name":"wp","href":"https:\/\/api.w.org\/{rel}","templated":true}]}}