{"id":39537,"date":"2019-06-09T06:50:45","date_gmt":"2019-06-09T10:50:45","guid":{"rendered":"https:\/\/linitiative.ca\/International\/deplacements-a-loccasion-de-laid-la-vigilance-simpose\/"},"modified":"2019-06-09T06:50:45","modified_gmt":"2019-06-09T10:50:45","slug":"deplacements-a-loccasion-de-laid-la-vigilance-simpose","status":"publish","type":"post","link":"https:\/\/linitiative.ca\/International\/deplacements-a-loccasion-de-laid-la-vigilance-simpose\/","title":{"rendered":"D\u00e9placements \u00e0 l\u2019occasion de l\u2019A\u00efd: La vigilance s\u2019impose"},"content":{"rendered":"<p class=\"c4\"><span class=\"c3\"><strong><span class=\"c2\">L<\/span>a f\u00eate d\u2019A\u00efd Al Fitr, occasion id\u00e9ale pour raviver les liens familiaux et amicaux, intervient cette ann\u00e9e en milieu de semaine (mercredi ou jeudi), selon le calendrier de l\u2019H\u00e9gire.<\/strong><\/span><\/p>\n<p class=\"c4\">C\u2019est pourquoi que cette occasion religieuse connait de nombreux d\u00e9placements des personnes qui d\u00e9sirent partager le rituel de cette f\u00eate avec leurs familles, dans leur r\u00e9gion natale \u00e0 l\u2019ext\u00e9rieur des grandes villes. En fait, tout un c\u00e9r\u00e9monial, qui commence bien avant l\u2019A\u00eed, accompagne cette f\u00eate. Du coup, les routes et les autoroutes se trouvent fortement investies par les automobilistes et les autocars du transport des voyageurs. Ce trafic hautement sup\u00e9rieur \u00e0 la normale provoque des embouteillages \u00e9normes au niveau des gares de p\u00e9age des autoroutes, des aires de repos et pr\u00e9sentent des risques d\u2019accident \u00e0 l\u2019aller comme au retour.<\/p>\n<p class=\"c4\">Dans ce sillage, les administrations concern\u00e9es, notamment celle des autoroutes du Maroc, rendent public, chaque ann\u00e9e en pareille occasion, des communiqu\u00e9s indiquant les heures de forte circulation sur certains axes afin de permettre aux automobilistes de mettre au point leur programme de d\u00e9part ou de retour. Cette ann\u00e9e, les examens du Baccalaur\u00e9at, programm\u00e9s juste apr\u00e8s l\u2019ach\u00e8vement du Ramadan, obligeront plusieurs familles \u00e0 interrompre la f\u00eate de l\u2019A\u00eed Al Fitr, \u00e0 la ville comme \u00e0 la campagne, afin de permettre \u00e0 leurs enfants d\u2019\u00eatre \u00e0 l\u2019heure le samedi prochain et de s\u2019adapter au changement d\u2019heure le dimanche matin pour poursuivre leurs examens au cours de la semaine.<\/p>\n<p class=\"c4\">Et les vagues de chaleur qui s\u00e9vissent durant ces jours dans plusieurs r\u00e9gions du royaume devraient \u00e9galement \u00eatre prises en compte durant ces d\u00e9placements des familles, surtout celles ayant des personnes fragiles et en bas \u00e2ge.\u00a0 Dans les villes, d\u00e9tente, visites et sorties sont \u00e9galement au menu de ces jours de la f\u00eate. En effet, les espaces publics, les parcs, les jardins et les boulevards sont envahis par une foule de femmes et d\u2019enfants. Tous ces param\u00e8tres exigent une certaine vigilance pour assurer un bon d\u00e9roulement de ce rituel sur les routes \u00e0 l\u2019aller comme au retour.<\/p>\n<p class=\"c5\"><strong>B.Amenzou<\/strong><\/p>\n<p>Auteur: rahal mehamed<br \/>\n<a href=\"http:\/\/albayane.press.ma\/deplacements-a-loccasion-de-laid-la-vigilance-simpose.html\">Cliquez ici pour lire l&rsquo;article depuis sa source.<\/a><\/p>\n","protected":false},"excerpt":{"rendered":"<p>La f\u00eate d\u2019A\u00efd Al Fitr, occasion id\u00e9ale pour raviver les liens familiaux et amicaux, intervient cette ann\u00e9e en milieu de semaine (mercredi ou jeudi), selon le calendrier de l\u2019H\u00e9gire. C\u2019est pourquoi que cette occasion religieuse connait de nombreux d\u00e9placements des personnes qui d\u00e9sirent partager le rituel de cette f\u00eate avec leurs familles, dans leur r\u00e9gion [&hellip;]<\/p>\n","protected":false},"author":1760,"featured_media":0,"comment_status":"closed","ping_status":"closed","sticky":false,"template":"","format":"standard","meta":{"fifu_image_url":"","fifu_image_alt":"","footnotes":""},"categories":[73,54],"tags":[],"class_list":["post-39537","post","type-post","status-publish","format-standard","hentry","category-actualite","category-maroc"],"_links":{"self":[{"href":"https:\/\/linitiative.ca\/International\/wp-json\/wp\/v2\/posts\/39537","targetHints":{"allow":["GET"]}}],"collection":[{"href":"https:\/\/linitiative.ca\/International\/wp-json\/wp\/v2\/posts"}],"about":[{"href":"https:\/\/linitiative.ca\/International\/wp-json\/wp\/v2\/types\/post"}],"author":[{"embeddable":true,"href":"https:\/\/linitiative.ca\/International\/wp-json\/wp\/v2\/users\/1760"}],"replies":[{"embeddable":true,"href":"https:\/\/linitiative.ca\/International\/wp-json\/wp\/v2\/comments?post=39537"}],"version-history":[{"count":0,"href":"https:\/\/linitiative.ca\/International\/wp-json\/wp\/v2\/posts\/39537\/revisions"}],"wp:attachment":[{"href":"https:\/\/linitiative.ca\/International\/wp-json\/wp\/v2\/media?parent=39537"}],"wp:term":[{"taxonomy":"category","embeddable":true,"href":"https:\/\/linitiative.ca\/International\/wp-json\/wp\/v2\/categories?post=39537"},{"taxonomy":"post_tag","embeddable":true,"href":"https:\/\/linitiative.ca\/International\/wp-json\/wp\/v2\/tags?post=39537"}],"curies":[{"name":"wp","href":"https:\/\/api.w.org\/{rel}","templated":true}]}}