{"id":39544,"date":"2019-06-09T07:30:00","date_gmt":"2019-06-09T11:30:00","guid":{"rendered":"https:\/\/linitiative.ca\/International\/quelque-100-baraques-demolies-a-tichy\/"},"modified":"2019-06-09T07:30:00","modified_gmt":"2019-06-09T11:30:00","slug":"quelque-100-baraques-demolies-a-tichy","status":"publish","type":"post","link":"https:\/\/linitiative.ca\/International\/quelque-100-baraques-demolies-a-tichy\/","title":{"rendered":"Quelque 100 baraques d\u00e9molies \u00e0 Tichy"},"content":{"rendered":"<div id=\"originalText\" readability=\"69\">\n<p>Quelque 100 baraques illicites, \u00e9rig\u00e9es \u00e0 proximit\u00e9 des plages de Taghzouit et de la cit\u00e9 Ben Sa\u00efd (ex-Baccaro), dans la commune de Tichy, ont \u00e9t\u00e9 d\u00e9molies la veille de la f\u00eate de l\u2019A\u00efd. Pour mener \u00e0 bien cette op\u00e9ration, qui s&rsquo;inscrit dans le cadre de l&rsquo;application des directives du chef de l\u2019ex\u00e9cutif de wilaya, on a mobilis\u00e9, a indiqu\u00e9 la cellule de communication de la wilaya de B\u00e9ja\u00efa, des engins de travaux publics appartenant aux directions des travaux publics, des ressources en eau, de l\u2019urbanisme et des \u00e9quipements.<\/p>\n<p>L\u2019op\u00e9ration a \u00e9t\u00e9 men\u00e9e par le secr\u00e9taire g\u00e9n\u00e9ral de la wilaya, le chef de da\u00efra et le pr\u00e9sident de l&rsquo;APC de Tichy ainsi que le chef de S\u00fbret\u00e9 de wilaya de B\u00e9ja\u00efa et de la da\u00efra de Tichy. Elle s\u2019inscrit, en outre, dans le cadre de la pr\u00e9paration de la saison estivale. \u00c0 en croire le communiqu\u00e9 de la wilaya, cette action va se poursuivre jusqu\u2019\u00e0 l\u2019\u00e9radication de toutes ces baraques illicites, implant\u00e9es au bord des plages, qui sera probablement \u00e9largie aux autres plages des c\u00f4tes Est et Ouest.<\/p>\n<p>C\u2019est d\u2019ailleurs les v\u0153ux des citoyens de B\u00e9ja\u00efa, qui ont r\u00e9agi positivement \u00e0 cette initiative qu\u2019ils esp\u00e8rent voir \u00e9largie \u00e0 Aokas et Souk El-Tenine pour la c\u00f4te Est. Et \u00e0 Tazeboudjt, Boulimat, Aach El-Vaz, Saket, Tighremt, Oued Dass et jusqu\u2019\u00e0 Beni Ksila sur la c\u00f4te Ouest. Beaucoup insistent aussi sur l\u2019\u00e9largissement de cette op\u00e9ration aux \u201cparkingueurs, qui font la loi au niveau des plages\u201d et qui s\u2019adonnent \u00e0 \u201cdes rackets\u201d. Bien que globalement les gens aient salu\u00e9 cette initiative, ils craignent que de nouvelles baraques voient le jour d\u00e8s que les policiers ou les gendarmes auront le dos tourn\u00e9. Pour eux, cela pourraient survenir dans les dix jours qui suivent l\u2019op\u00e9ration d\u2019autant que des villas construites illicitement dans le domaine public maritime n\u2019ont pas \u00e9t\u00e9 concern\u00e9es.\u00a0\u00a0<br \/>\u00a0<\/p>\n<p class=\"c10\"><strong>M. OUYOUGOUTE<\/strong><\/p>\n<\/div>\n<div id=\"text_core\" readability=\"69\">\n<p>Quelque 100 baraques illicites, \u00e9rig\u00e9es \u00e0 proximit\u00e9 des plages de Taghzouit et de la cit\u00e9 Ben Sa\u00efd (ex-Baccaro), dans la commune de Tichy, ont \u00e9t\u00e9 d\u00e9molies la veille de la f\u00eate de l\u2019A\u00efd. Pour mener \u00e0 bien cette op\u00e9ration, qui s&rsquo;inscrit dans le cadre de l&rsquo;application des directives du chef de l\u2019ex\u00e9cutif de wilaya, on a mobilis\u00e9, a indiqu\u00e9 la cellule de communication de la wilaya de B\u00e9ja\u00efa, des engins de travaux publics appartenant aux directions des travaux publics, des ressources en eau, de l\u2019urbanisme et des \u00e9quipements.<\/p>\n<p>L\u2019op\u00e9ration a \u00e9t\u00e9 men\u00e9e par le secr\u00e9taire g\u00e9n\u00e9ral de la wilaya, le chef de da\u00efra et le pr\u00e9sident de l&rsquo;APC de Tichy ainsi que le chef de S\u00fbret\u00e9 de wilaya de B\u00e9ja\u00efa et de la da\u00efra de Tichy. Elle s\u2019inscrit, en outre, dans le cadre de la pr\u00e9paration de la saison estivale. \u00c0 en croire le communiqu\u00e9 de la wilaya, cette action va se poursuivre jusqu\u2019\u00e0 l\u2019\u00e9radication de toutes ces baraques illicites, implant\u00e9es au bord des plages, qui sera probablement \u00e9largie aux autres plages des c\u00f4tes Est et Ouest.<\/p>\n<p>C\u2019est d\u2019ailleurs les v\u0153ux des citoyens de B\u00e9ja\u00efa, qui ont r\u00e9agi positivement \u00e0 cette initiative qu\u2019ils esp\u00e8rent voir \u00e9largie \u00e0 Aokas et Souk El-Tenine pour la c\u00f4te Est. Et \u00e0 Tazeboudjt, Boulimat, Aach El-Vaz, Saket, Tighremt, Oued Dass et jusqu\u2019\u00e0 Beni Ksila sur la c\u00f4te Ouest. Beaucoup insistent aussi sur l\u2019\u00e9largissement de cette op\u00e9ration aux \u201cparkingueurs, qui font la loi au niveau des plages\u201d et qui s\u2019adonnent \u00e0 \u201cdes rackets\u201d. Bien que globalement les gens aient salu\u00e9 cette initiative, ils craignent que de nouvelles baraques voient le jour d\u00e8s que les policiers ou les gendarmes auront le dos tourn\u00e9. Pour eux, cela pourraient survenir dans les dix jours qui suivent l\u2019op\u00e9ration d\u2019autant que des villas construites illicitement dans le domaine public maritime n\u2019ont pas \u00e9t\u00e9 concern\u00e9es.\u00a0\u00a0<br \/>\u00a0<\/p>\n<p class=\"c10\"><strong>M. OUYOUGOUTE<\/strong><\/p>\n<\/div>\n<p>Auteur:<br \/>\n<a href=\"https:\/\/www.liberte-algerie.com\/est\/quelque-100-baraques-demolies-a-tichy-317440\">Cliquez ici pour lire l&rsquo;article depuis sa source.<\/a><\/p>\n","protected":false},"excerpt":{"rendered":"<p>Quelque 100 baraques illicites, \u00e9rig\u00e9es \u00e0 proximit\u00e9 des plages de Taghzouit et de la cit\u00e9 Ben Sa\u00efd (ex-Baccaro), dans la commune de Tichy, ont \u00e9t\u00e9 d\u00e9molies la veille de la f\u00eate de l\u2019A\u00efd. Pour mener \u00e0 bien cette op\u00e9ration, qui s&rsquo;inscrit dans le cadre de l&rsquo;application des directives du chef de l\u2019ex\u00e9cutif de wilaya, on [&hellip;]<\/p>\n","protected":false},"author":1742,"featured_media":0,"comment_status":"closed","ping_status":"closed","sticky":false,"template":"","format":"standard","meta":{"fifu_image_url":"","fifu_image_alt":"","footnotes":""},"categories":[73,53],"tags":[],"class_list":["post-39544","post","type-post","status-publish","format-standard","hentry","category-actualite","category-algerie"],"_links":{"self":[{"href":"https:\/\/linitiative.ca\/International\/wp-json\/wp\/v2\/posts\/39544","targetHints":{"allow":["GET"]}}],"collection":[{"href":"https:\/\/linitiative.ca\/International\/wp-json\/wp\/v2\/posts"}],"about":[{"href":"https:\/\/linitiative.ca\/International\/wp-json\/wp\/v2\/types\/post"}],"author":[{"embeddable":true,"href":"https:\/\/linitiative.ca\/International\/wp-json\/wp\/v2\/users\/1742"}],"replies":[{"embeddable":true,"href":"https:\/\/linitiative.ca\/International\/wp-json\/wp\/v2\/comments?post=39544"}],"version-history":[{"count":0,"href":"https:\/\/linitiative.ca\/International\/wp-json\/wp\/v2\/posts\/39544\/revisions"}],"wp:attachment":[{"href":"https:\/\/linitiative.ca\/International\/wp-json\/wp\/v2\/media?parent=39544"}],"wp:term":[{"taxonomy":"category","embeddable":true,"href":"https:\/\/linitiative.ca\/International\/wp-json\/wp\/v2\/categories?post=39544"},{"taxonomy":"post_tag","embeddable":true,"href":"https:\/\/linitiative.ca\/International\/wp-json\/wp\/v2\/tags?post=39544"}],"curies":[{"name":"wp","href":"https:\/\/api.w.org\/{rel}","templated":true}]}}