{"id":39551,"date":"2019-06-08T19:37:07","date_gmt":"2019-06-08T23:37:07","guid":{"rendered":"https:\/\/linitiative.ca\/International\/un-commissaire-de-police-contraint-a-degainer-son-arme\/"},"modified":"2019-06-08T19:37:07","modified_gmt":"2019-06-08T23:37:07","slug":"un-commissaire-de-police-contraint-a-degainer-son-arme","status":"publish","type":"post","link":"https:\/\/linitiative.ca\/International\/un-commissaire-de-police-contraint-a-degainer-son-arme\/","title":{"rendered":"Un commissaire de police contraint \u00e0 d\u00e9gainer son arme"},"content":{"rendered":"<div class=\"single-featured\"><img alt=\"\" data-src=\"http:\/\/www.mapmarrakech.ma\/map\/uploads\/2019\/05\/arrestationpolicerak-copier-1.jpg\"\/><\/div>\n<div class=\"single-post-excerpt post-excerpt-bc\" readability=\"43\">\n<p>Marrakech \u2013 Un commissaire de police, chef d\u2019un arrondissement \u00e0 Marrakech, a \u00e9t\u00e9 contraint, samedi, de brandir son arme de service, sans l\u2019utiliser, lors d\u2019une intervention pour arr\u00eater un multir\u00e9cidiviste \u00e2g\u00e9 de 23 ans, qui \u00e9tait sous l\u2019emprise de la drogue et qui exposait la vie des \u00e9l\u00e9ments de la police \u00e0 une menace grave et s\u00e9rieuse \u00e0 l\u2019aide d\u2019une arme blanche, indique la Direction g\u00e9n\u00e9rale de la s\u00fbret\u00e9 nationale (DGSN).<\/p>\n<\/div>\n<div class=\"entry-content clearfix single-post-content\" readability=\"47\">\n<p>Le commissaire, accompagn\u00e9 d\u2019\u00e9l\u00e9ments de l\u2019arrondissement de police, s\u2019\u00e9tait d\u00e9plac\u00e9 pour appr\u00e9hender le pr\u00e9venu et un de ses complices, un mineur \u00e2g\u00e9 de 17 ans et ayant un ant\u00e9c\u00e9dent de vol, pour leur implication pr\u00e9sum\u00e9e dans une op\u00e9ration de vol vendredi soir d\u2019une moto et d\u2019un portable appartenant \u00e0 une victime, pr\u00e9cise un communiqu\u00e9 de la DGSN.<\/p>\n<p>D\u2019apr\u00e8s la m\u00eame source, l\u2019arme blanche utilis\u00e9e dans cette tentative d\u2019agression a \u00e9t\u00e9 saisie, alors qu\u2019une enqu\u00eate judiciaire a \u00e9t\u00e9 ouverte \u00e0 l\u2019encontre des mis en cause sous la supervision du parquet comp\u00e9tent afin d\u2019\u00e9lucider les tenants et aboutissants de cette affaire et d\u00e9terminer l\u2019ensemble des faits criminels reproch\u00e9s \u00e0 ces deux individus.<\/p>\n<\/div>\n<p>Auteur: Meriem IGASS<br \/>\n<a href=\"http:\/\/www.mapmarrakech.ma\/fr\/un-commissaire-contraint-de-brandir-son-arme-pour-arreter-un-multirecidiviste\/\">Cliquez ici pour lire l&rsquo;article depuis sa source.<\/a><\/p>\n","protected":false},"excerpt":{"rendered":"<p>Marrakech \u2013 Un commissaire de police, chef d\u2019un arrondissement \u00e0 Marrakech, a \u00e9t\u00e9 contraint, samedi, de brandir son arme de service, sans l\u2019utiliser, lors d\u2019une intervention pour arr\u00eater un multir\u00e9cidiviste \u00e2g\u00e9 de 23 ans, qui \u00e9tait sous l\u2019emprise de la drogue et qui exposait la vie des \u00e9l\u00e9ments de la police \u00e0 une menace grave [&hellip;]<\/p>\n","protected":false},"author":1788,"featured_media":39552,"comment_status":"closed","ping_status":"closed","sticky":false,"template":"","format":"standard","meta":{"fifu_image_url":"","fifu_image_alt":"","footnotes":""},"categories":[54,76],"tags":[],"class_list":["post-39551","post","type-post","status-publish","format-standard","has-post-thumbnail","hentry","category-maroc","category-regions"],"_links":{"self":[{"href":"https:\/\/linitiative.ca\/International\/wp-json\/wp\/v2\/posts\/39551","targetHints":{"allow":["GET"]}}],"collection":[{"href":"https:\/\/linitiative.ca\/International\/wp-json\/wp\/v2\/posts"}],"about":[{"href":"https:\/\/linitiative.ca\/International\/wp-json\/wp\/v2\/types\/post"}],"author":[{"embeddable":true,"href":"https:\/\/linitiative.ca\/International\/wp-json\/wp\/v2\/users\/1788"}],"replies":[{"embeddable":true,"href":"https:\/\/linitiative.ca\/International\/wp-json\/wp\/v2\/comments?post=39551"}],"version-history":[{"count":0,"href":"https:\/\/linitiative.ca\/International\/wp-json\/wp\/v2\/posts\/39551\/revisions"}],"wp:featuredmedia":[{"embeddable":true,"href":"https:\/\/linitiative.ca\/International\/wp-json\/"}],"wp:attachment":[{"href":"https:\/\/linitiative.ca\/International\/wp-json\/wp\/v2\/media?parent=39551"}],"wp:term":[{"taxonomy":"category","embeddable":true,"href":"https:\/\/linitiative.ca\/International\/wp-json\/wp\/v2\/categories?post=39551"},{"taxonomy":"post_tag","embeddable":true,"href":"https:\/\/linitiative.ca\/International\/wp-json\/wp\/v2\/tags?post=39551"}],"curies":[{"name":"wp","href":"https:\/\/api.w.org\/{rel}","templated":true}]}}