{"id":39562,"date":"2019-06-09T15:14:06","date_gmt":"2019-06-09T19:14:06","guid":{"rendered":"https:\/\/linitiative.ca\/International\/ligue-1-2-ess-hammar-convoque-les-dirigeants\/"},"modified":"2019-06-09T15:14:06","modified_gmt":"2019-06-09T19:14:06","slug":"ligue-1-2-ess-hammar-convoque-les-dirigeants","status":"publish","type":"post","link":"https:\/\/linitiative.ca\/International\/ligue-1-2-ess-hammar-convoque-les-dirigeants\/","title":{"rendered":"Ligue 1 &amp; 2 : ESS: Hammar convoque les dirigeants"},"content":{"rendered":"<div readability=\"32\">\n<p>Auteur : <span>Khalil L.<\/span> <span class=\"time\">dimanche 09 juin 2019 10:29<\/span><\/p>\n<\/div>\n<div id=\"post_core\" readability=\"74\">\n<p>Alors que personne ne sait exactement ce qu\u2019il est en train de faire en ce moment, le pr\u00e9sident de l\u2019ESS aurait d\u00e9cid\u00e9 de faire participer les autres dirigeants \u00e0 la pr\u00e9paration de la nouvelle saison. Car jusque-l\u00e0, aucun autre membre de la direction n\u2019est sur le terrain et personne parmi les dirigeants n\u2019est au courant des d\u00e9marches entreprises par Hassan Hammar depuis la fin de l\u2019exercice \u00e9coul\u00e9. Tous les contacts avec les \u00e9ventuelles recrues auraient \u00e9t\u00e9 entrepris par des proches \u00e0 lui et quelques gens du circuit, sans y associer les membres de la direction. Mais puisque la situation est bloqu\u00e9e, faute d\u2019argent, Hammar s\u2019est vu oblig\u00e9 de retourner vers son bureau. Ce n\u2019est, toutefois, pas la seule raison. Dans le cadre de la pr\u00e9paration de la nouvelle saison, il est temps, en effet, de r\u00e9unir tout le monde pour d\u00e9finir la ligne de conduite \u00e0 suivre, se r\u00e9partir les t\u00e2ches et restructurer la direction.<br \/><strong>La r\u00e9union pourrait avoir lieu mardi<\/strong><br \/>Nous avons appris qu\u2019une r\u00e9union importante du bureau du club amateur, actionnaire majoritaire de la SSPA, se tiendra dans les jours qui viennent, probablement mardi. Le pr\u00e9sident de l\u2019Entente aurait appel\u00e9 tout le monde pour la reprise du travail \u00e0 travers cette importante r\u00e9union o\u00f9 il sera question de d\u00e9battre de la situation actuelle, d\u2019essayer de trouver des solutions \u00e0 tous les probl\u00e8mes qui entravent la pr\u00e9paration de l\u2019intersaison et de discuter aussi de la possibilit\u00e9 de renforcer la direction par de nouveaux membres capables d\u2019apporter le plus escompt\u00e9.<br \/><strong>On attend la r\u00e9ponse de Serrar<\/strong><br \/>A ce sujet, l\u2019on s\u2019attend \u00e0 ce que les membres de la direction abordent le cas Abdelhakim Serrar auquel on a propos\u00e9 le retour aux affaires du club. L\u2019ex-DG de l\u2019USMA s\u2019est m\u00eame entretenu avec Hassan Snoussaoui qui a \u00e9t\u00e9 charg\u00e9 de le convaincre tout en lui dressant l\u2019\u00e9tat des lieux qui pr\u00e9vaut en ce moment au club, mais jusque-l\u00e0, il n\u2019a pas rendu de r\u00e9ponse. Serrar avait demand\u00e9 un temps de r\u00e9flexion et plus de d\u00e9tails sur la situation du club, surtout sur le plan financier, avant de pouvoir prendre une d\u00e9cision. Il devait le faire apr\u00e8s l\u2019A\u00efd, mais il ne l\u2019a pas encore fait. Ce point sera \u00e0 l\u2019ordre du jour de la r\u00e9union de mardi.<br \/><strong>La situation financi\u00e8re est critique et l\u2019\u00e9tat des lieux n\u2019est pas rassurant<\/strong><br \/>Cela dit, le point principal de cette premi\u00e8re r\u00e9union de la saison est \u00e9videmment le probl\u00e8me financier dans lequel se d\u00e9bat le club de A\u00efn El Fouara depuis quelques mois d\u00e9j\u00e0. C\u2019est ce probl\u00e8me qui bloque toutes les d\u00e9marches pour pr\u00e9parer l\u2019intersaison et s\u2019il n\u2019est pas r\u00e9gl\u00e9 dans les plus brefs d\u00e9lais, l\u2019\u00e9tat sera tr\u00e8s chaud pour l\u2019Entente et son avenir des plus ind\u00e9cis. Car au risque de le rappeler, il faut payer le passif des joueurs qui sont toujours sous contrat ainsi que celui des \u00e9l\u00e9ments dont le contrat est arriv\u00e9 \u00e0 terme. Pour parvenir \u00e0 les convaincre de rempiler, il faut non seulement leur payer ce qu\u2019on leur doit d\u00e9j\u00e0, mais aussi leur verser une avance sur le nouveau contrat. Il faut penser par la suite \u00e0 r\u00e9unir une bonne somme d\u2019argent pour satisfaire les exigences financi\u00e8res des nouvelles recrues, sans oublier les dossiers en litige qu\u2019il faut r\u00e9gler. Et l\u00e0, il est utile de rappeler que l\u2019ESS risque de se faire interdire de recrutement cet \u00e9t\u00e9 comme cela fut le cas au mercato hivernal. L\u2019on mesure donc la complexit\u00e9 de ce probl\u00e8me.<br \/><strong>Le pr\u00e9sident ententiste fera part aux pr\u00e9sents de sa d\u00e9marche en mati\u00e8re de recrutement<\/strong><br \/>Toujours en ce qui concerne cette r\u00e9union tr\u00e8s attendue, Hammar devra \u00e9galement informer les membres de son bureau ce qu\u2019il a fait ces derni\u00e8res semaines, particuli\u00e8rement en mati\u00e8re de recrutement. C\u2019est l\u2019autre point qui sera d\u00e9battu, celui de l\u2019effectif. Etant donn\u00e9 que Neghiz avait tout transmis \u00e0 la direction avant de partir en vacances, la liste des joueurs \u00e0 lib\u00e9rer et les postes \u00e0 renforcer entre autres, les responsables du club vont pouvoir se pencher l\u00e0-dessus pour faire le point sur ce sujet. D\u2019autres points devraient \u00eatre \u00e9galement \u00e0 l\u2019ordre du jour, entre autres la question du staff technique, car jusque-l\u00e0, on ne sait pas encore si Neghiz partira ou non, m\u00eame si Hammar a bien l\u2019intention de se s\u00e9parer de ses services.<\/p>\n<p><strong>Publi\u00e9 dans :<\/strong> <span>ess<\/span> <span>hammar<\/span> <span>Neghiz<\/span><\/p>\n<\/div>\n<p>Auteur:<br \/>\n<a href=\"http:\/\/www.lebuteur.com\/article\/detail?titre=ess-hammar-convoque-les-dirigeants&#038;id=89420&#038;utm_source=feedburner&#038;utm_medium=feed&#038;utm_campaign=Feed%3A+GalerieFArtciles+%28Les+derniers+articles++-+lebuteur.com%29\">Cliquez ici pour lire l&rsquo;article depuis sa source.<\/a><\/p>\n","protected":false},"excerpt":{"rendered":"<p>Auteur : Khalil L. dimanche 09 juin 2019 10:29 Alors que personne ne sait exactement ce qu\u2019il est en train de faire en ce moment, le pr\u00e9sident de l\u2019ESS aurait d\u00e9cid\u00e9 de faire participer les autres dirigeants \u00e0 la pr\u00e9paration de la nouvelle saison. Car jusque-l\u00e0, aucun autre membre de la direction n\u2019est sur le [&hellip;]<\/p>\n","protected":false},"author":1738,"featured_media":39563,"comment_status":"closed","ping_status":"closed","sticky":false,"template":"","format":"standard","meta":{"fifu_image_url":"","fifu_image_alt":"","footnotes":""},"categories":[53,75],"tags":[],"class_list":["post-39562","post","type-post","status-publish","format-standard","has-post-thumbnail","hentry","category-algerie","category-sport"],"_links":{"self":[{"href":"https:\/\/linitiative.ca\/International\/wp-json\/wp\/v2\/posts\/39562","targetHints":{"allow":["GET"]}}],"collection":[{"href":"https:\/\/linitiative.ca\/International\/wp-json\/wp\/v2\/posts"}],"about":[{"href":"https:\/\/linitiative.ca\/International\/wp-json\/wp\/v2\/types\/post"}],"author":[{"embeddable":true,"href":"https:\/\/linitiative.ca\/International\/wp-json\/wp\/v2\/users\/1738"}],"replies":[{"embeddable":true,"href":"https:\/\/linitiative.ca\/International\/wp-json\/wp\/v2\/comments?post=39562"}],"version-history":[{"count":0,"href":"https:\/\/linitiative.ca\/International\/wp-json\/wp\/v2\/posts\/39562\/revisions"}],"wp:featuredmedia":[{"embeddable":true,"href":"https:\/\/linitiative.ca\/International\/wp-json\/"}],"wp:attachment":[{"href":"https:\/\/linitiative.ca\/International\/wp-json\/wp\/v2\/media?parent=39562"}],"wp:term":[{"taxonomy":"category","embeddable":true,"href":"https:\/\/linitiative.ca\/International\/wp-json\/wp\/v2\/categories?post=39562"},{"taxonomy":"post_tag","embeddable":true,"href":"https:\/\/linitiative.ca\/International\/wp-json\/wp\/v2\/tags?post=39562"}],"curies":[{"name":"wp","href":"https:\/\/api.w.org\/{rel}","templated":true}]}}