{"id":39564,"date":"2019-06-09T15:14:08","date_gmt":"2019-06-09T19:14:08","guid":{"rendered":"https:\/\/linitiative.ca\/International\/international-psg-neymar-pret-a-quitter-paris\/"},"modified":"2019-06-09T15:14:08","modified_gmt":"2019-06-09T19:14:08","slug":"international-psg-neymar-pret-a-quitter-paris","status":"publish","type":"post","link":"https:\/\/linitiative.ca\/International\/international-psg-neymar-pret-a-quitter-paris\/","title":{"rendered":"International : PSG: Neymar pr\u00eat \u00e0 quitter Paris !"},"content":{"rendered":"<div readability=\"32\">\n<p>Auteur : <span class=\"time\">dimanche 09 juin 2019 11:45<\/span><\/p>\n<\/div>\n<div id=\"post_core\" readability=\"53\">\n<p>C&rsquo;est peu de le dire, Neymar Jr traverse des heures difficiles que ce soit sur le plan sportif, mais \u00e9galement sur le plan priv\u00e9. Forfait pour la Copa Americain suite \u00e0 une blessure \u00e0 la cheville qui va l&rsquo;\u00e9loigner des terrains pendant quatre semaines selon le staff m\u00e9dical du Paris Saint-Germain, la star br\u00e9silienne du PSG est \u00e9galement au milieu d&rsquo;une temp\u00eate suite \u00e0 l&rsquo;accusation de viol fait par une jeune femme. M\u00eame si on voit flou dans ce dossier, l&rsquo;image de Neymar en a pris un vrai coup, l&rsquo;hygi\u00e8ne de vie du joueur apparaissant sous un jour pour le moins d\u00e9plorable. Et ce dimanche, TF1 ajoute un peu \u00e0 la confusion en affirmant que du c\u00f4t\u00e9 de Neymar Jr on r\u00e9fl\u00e9chit tr\u00e8s clairement \u00e0 quitter le Paris SG d\u00e8s ce mercato 2019: \u00abNeymar r\u00e9fl\u00e9chit depuis plusieurs semaines \u00e0 un d\u00e9part cet \u00e9t\u00e9. Apr\u00e8s deux saisons au Paris Saint-Germain, o\u00f9 il \u00e9tait en phase avec le projet qatari, l&rsquo;attaquant br\u00e9silien ne ressent plus le m\u00eame feeling au sein de la capitale fran\u00e7aise (&#8230;) Le possible d\u00e9part d&rsquo;Antero Henrique, l&rsquo;homme qui avait fait venir Neymar \u00e0 Paris lors de l&rsquo;\u00e9t\u00e9 2017, de son poste de directeur sportif, est \u00e9galement \u00e0 l&rsquo;origine de la r\u00e9flexion du joueur. Les deux hommes sont en effet tr\u00e8s proches. Neymar est \u00e9galement d\u00e9\u00e7u du manque de consid\u00e9ration \u00e0 son \u00e9gard en France (&#8230;) La premi\u00e8re mission de Leonardo, une fois nomm\u00e9, sera d&rsquo;essayer de convaincre le Br\u00e9silien de poursuivre au PSG. Les deux hommes vont devoir apprendre \u00e0 se conna\u00eetre. Car ils ne se connaissent pas, ou tr\u00e8s peu \u00bb, indique T\u00e9l\u00e9foot, qui pr\u00e9cise que pour l&rsquo;instant Neymar n&rsquo;a pas donn\u00e9 suite \u00e0 un contact initi\u00e9 avec le Real Madrid rapporte Foot01.com.<\/p>\n<p><strong>Publi\u00e9 dans :<\/strong> <span>neymar<\/span> <span>PSG<\/span><\/p>\n<\/div>\n<p>Auteur:<br \/>\n<a href=\"http:\/\/www.lebuteur.com\/article\/detail?titre=psg-neymar-pret-a-quitter-paris&#038;id=89438&#038;utm_source=feedburner&#038;utm_medium=feed&#038;utm_campaign=Feed%3A+GalerieFArtciles+%28Les+derniers+articles++-+lebuteur.com%29\">Cliquez ici pour lire l&rsquo;article depuis sa source.<\/a><\/p>\n","protected":false},"excerpt":{"rendered":"<p>Auteur : dimanche 09 juin 2019 11:45 C&rsquo;est peu de le dire, Neymar Jr traverse des heures difficiles que ce soit sur le plan sportif, mais \u00e9galement sur le plan priv\u00e9. Forfait pour la Copa Americain suite \u00e0 une blessure \u00e0 la cheville qui va l&rsquo;\u00e9loigner des terrains pendant quatre semaines selon le staff m\u00e9dical [&hellip;]<\/p>\n","protected":false},"author":1738,"featured_media":39565,"comment_status":"closed","ping_status":"closed","sticky":false,"template":"","format":"standard","meta":{"fifu_image_url":"","fifu_image_alt":"","footnotes":""},"categories":[53,75],"tags":[],"class_list":["post-39564","post","type-post","status-publish","format-standard","has-post-thumbnail","hentry","category-algerie","category-sport"],"_links":{"self":[{"href":"https:\/\/linitiative.ca\/International\/wp-json\/wp\/v2\/posts\/39564","targetHints":{"allow":["GET"]}}],"collection":[{"href":"https:\/\/linitiative.ca\/International\/wp-json\/wp\/v2\/posts"}],"about":[{"href":"https:\/\/linitiative.ca\/International\/wp-json\/wp\/v2\/types\/post"}],"author":[{"embeddable":true,"href":"https:\/\/linitiative.ca\/International\/wp-json\/wp\/v2\/users\/1738"}],"replies":[{"embeddable":true,"href":"https:\/\/linitiative.ca\/International\/wp-json\/wp\/v2\/comments?post=39564"}],"version-history":[{"count":0,"href":"https:\/\/linitiative.ca\/International\/wp-json\/wp\/v2\/posts\/39564\/revisions"}],"wp:featuredmedia":[{"embeddable":true,"href":"https:\/\/linitiative.ca\/International\/wp-json\/"}],"wp:attachment":[{"href":"https:\/\/linitiative.ca\/International\/wp-json\/wp\/v2\/media?parent=39564"}],"wp:term":[{"taxonomy":"category","embeddable":true,"href":"https:\/\/linitiative.ca\/International\/wp-json\/wp\/v2\/categories?post=39564"},{"taxonomy":"post_tag","embeddable":true,"href":"https:\/\/linitiative.ca\/International\/wp-json\/wp\/v2\/tags?post=39564"}],"curies":[{"name":"wp","href":"https:\/\/api.w.org\/{rel}","templated":true}]}}