{"id":39566,"date":"2019-06-09T15:14:09","date_gmt":"2019-06-09T19:14:09","guid":{"rendered":"https:\/\/linitiative.ca\/International\/pros-naidji-dans-le-viseur-du-zamalek\/"},"modified":"2019-06-09T15:14:09","modified_gmt":"2019-06-09T19:14:09","slug":"pros-naidji-dans-le-viseur-du-zamalek","status":"publish","type":"post","link":"https:\/\/linitiative.ca\/International\/pros-naidji-dans-le-viseur-du-zamalek\/","title":{"rendered":"Pros : Naidji dans le viseur du Zamalek ?"},"content":{"rendered":"<div readability=\"32\">\n<p>Auteur : <span class=\"time\">dimanche 09 juin 2019 13:10<\/span><\/p>\n<\/div>\n<div id=\"post_core\" readability=\"39\">\n<p>En effet, selon des informations parues dans la presse \u00e9gyptienne, le club du Zamalek serait int\u00e9ress\u00e9 par le profil de l&rsquo;attaquant du Paradou. Le pr\u00e9sident du club \u00e9gyptien serait m\u00eame entr\u00e9 en contact avec les dirigeants du Paradou afin de s&rsquo;assurer les services du joueur alg\u00e9rien la saison prochaine.<\/p>\n<p>Rappelons que Naidji a termin\u00e9 meilleur buteur de cette saison 2018-2019 avec 20 buts.<\/p>\n<p><strong>Publi\u00e9 dans :<\/strong> <span>Zamalek<\/span><\/p>\n<\/div>\n<p>Auteur:<br \/>\n<a href=\"http:\/\/www.lebuteur.com\/article\/detail?titre=naidji-dans-le-viseur-du-zamalek&#038;id=89439&#038;utm_source=feedburner&#038;utm_medium=feed&#038;utm_campaign=Feed%3A+GalerieFArtciles+%28Les+derniers+articles++-+lebuteur.com%29\">Cliquez ici pour lire l&rsquo;article depuis sa source.<\/a><\/p>\n","protected":false},"excerpt":{"rendered":"<p>Auteur : dimanche 09 juin 2019 13:10 En effet, selon des informations parues dans la presse \u00e9gyptienne, le club du Zamalek serait int\u00e9ress\u00e9 par le profil de l&rsquo;attaquant du Paradou. Le pr\u00e9sident du club \u00e9gyptien serait m\u00eame entr\u00e9 en contact avec les dirigeants du Paradou afin de s&rsquo;assurer les services du joueur alg\u00e9rien la saison [&hellip;]<\/p>\n","protected":false},"author":1738,"featured_media":39567,"comment_status":"closed","ping_status":"closed","sticky":false,"template":"","format":"standard","meta":{"fifu_image_url":"","fifu_image_alt":"","footnotes":""},"categories":[53,75],"tags":[],"class_list":["post-39566","post","type-post","status-publish","format-standard","has-post-thumbnail","hentry","category-algerie","category-sport"],"_links":{"self":[{"href":"https:\/\/linitiative.ca\/International\/wp-json\/wp\/v2\/posts\/39566","targetHints":{"allow":["GET"]}}],"collection":[{"href":"https:\/\/linitiative.ca\/International\/wp-json\/wp\/v2\/posts"}],"about":[{"href":"https:\/\/linitiative.ca\/International\/wp-json\/wp\/v2\/types\/post"}],"author":[{"embeddable":true,"href":"https:\/\/linitiative.ca\/International\/wp-json\/wp\/v2\/users\/1738"}],"replies":[{"embeddable":true,"href":"https:\/\/linitiative.ca\/International\/wp-json\/wp\/v2\/comments?post=39566"}],"version-history":[{"count":0,"href":"https:\/\/linitiative.ca\/International\/wp-json\/wp\/v2\/posts\/39566\/revisions"}],"wp:featuredmedia":[{"embeddable":true,"href":"https:\/\/linitiative.ca\/International\/wp-json\/"}],"wp:attachment":[{"href":"https:\/\/linitiative.ca\/International\/wp-json\/wp\/v2\/media?parent=39566"}],"wp:term":[{"taxonomy":"category","embeddable":true,"href":"https:\/\/linitiative.ca\/International\/wp-json\/wp\/v2\/categories?post=39566"},{"taxonomy":"post_tag","embeddable":true,"href":"https:\/\/linitiative.ca\/International\/wp-json\/wp\/v2\/tags?post=39566"}],"curies":[{"name":"wp","href":"https:\/\/api.w.org\/{rel}","templated":true}]}}