{"id":39570,"date":"2019-06-09T15:14:11","date_gmt":"2019-06-09T19:14:11","guid":{"rendered":"https:\/\/linitiative.ca\/International\/afrique-la-liste-des-23-du-nigeria-pour-la-can-2019\/"},"modified":"2019-06-09T15:14:11","modified_gmt":"2019-06-09T19:14:11","slug":"afrique-la-liste-des-23-du-nigeria-pour-la-can-2019","status":"publish","type":"post","link":"https:\/\/linitiative.ca\/International\/afrique-la-liste-des-23-du-nigeria-pour-la-can-2019\/","title":{"rendered":"Afrique : La Liste des 23 du Nig\u00e9ria pour la CAN 2019"},"content":{"rendered":"<div readability=\"32\">\n<p>Auteur : <span class=\"time\">dimanche 09 juin 2019 13:53<\/span><\/p>\n<\/div>\n<div id=\"post_core\" readability=\"65\">\n<p>Sinon pas de surprises puisque John Obi Mikel et Ahmed Musa seront l\u00e0 pour porter les Super Eagles. R\u00e9v\u00e9lation de Villarreal, le jeune Samuel Chukwueze sera \u00e9galement du voyage comme l&rsquo;indique Footmercato.<\/p>\n<p><strong>La s\u00e9lection\u00a0:<\/strong><\/p>\n<p><strong>Gardiens\u00a0:<\/strong> Francis Uzoho (Anorthosis Famagouste\/Chypre), Ikechukwu Ezenwa (Katsina United FC) et Daniel Akpeyi (Kaizer Chiefs\/Afrique du Sud)<\/p>\n<p><strong>D\u00e9fenseurs\u00a0:<\/strong> Olaoluwa Aina (Torino\/Italie), Abdullahi Shehu (Bursaspor\/Turquie), Chidozie Awaziem (Caykur Rizespor\/Turquie), William Troost-Ekong (Udinese\/Nig\u00e9ria), Leon Balogun (Brighton &#038; Hove Albion\/Angleterre), Kenneth Omeruo (Legan\u00e9s\/Espagne) et Jamilu Collins (SC Paderborn\/Allemagne)<\/p>\n<p><strong>Milieux\u00a0:<\/strong> John Obi Mikel (Middlesbrough), John Ogu (Hapoel Beer Sheva\/Isra\u00ebl), Oghenekaro Etebo (Stoke City\/Angleterre) et Wilfred Ndidi (Leicester)<\/p>\n<p><strong>Attaquants\u00a0:<\/strong> Ahmed Musa (Al-Nasr\/Arabie Saoudite), Victor Osimhen (Charleroi\/Belgique), Moses Simon (Levante\/Espagne, Odion Ighalo (Shanghai Shenua\/Chine), Henry Onyekuru (Galatasaray\/Turquie), Alex Iwobi (Arsenal\/Angleterre), Samuel Kalu (Bordeaux\/France), Paul Onuachu (Midtjylland\/Danemark) et Samuel Chukwueze (Villarreal\/Espagne)<\/p>\n<p><strong>Publi\u00e9 dans :<\/strong> <span>Nigeria<\/span><\/p>\n<\/div>\n<p>Auteur:<br \/>\n<a href=\"http:\/\/www.lebuteur.com\/article\/detail?titre=la-liste-des-23-du-nigeria-pour-la-can-2019&#038;id=89442&#038;utm_source=feedburner&#038;utm_medium=feed&#038;utm_campaign=Feed%3A+GalerieFArtciles+%28Les+derniers+articles++-+lebuteur.com%29\">Cliquez ici pour lire l&rsquo;article depuis sa source.<\/a><\/p>\n","protected":false},"excerpt":{"rendered":"<p>Auteur : dimanche 09 juin 2019 13:53 Sinon pas de surprises puisque John Obi Mikel et Ahmed Musa seront l\u00e0 pour porter les Super Eagles. R\u00e9v\u00e9lation de Villarreal, le jeune Samuel Chukwueze sera \u00e9galement du voyage comme l&rsquo;indique Footmercato. La s\u00e9lection\u00a0: Gardiens\u00a0: Francis Uzoho (Anorthosis Famagouste\/Chypre), Ikechukwu Ezenwa (Katsina United FC) et Daniel Akpeyi (Kaizer [&hellip;]<\/p>\n","protected":false},"author":1738,"featured_media":39571,"comment_status":"closed","ping_status":"closed","sticky":false,"template":"","format":"standard","meta":{"fifu_image_url":"","fifu_image_alt":"","footnotes":""},"categories":[53,75],"tags":[],"class_list":["post-39570","post","type-post","status-publish","format-standard","has-post-thumbnail","hentry","category-algerie","category-sport"],"_links":{"self":[{"href":"https:\/\/linitiative.ca\/International\/wp-json\/wp\/v2\/posts\/39570","targetHints":{"allow":["GET"]}}],"collection":[{"href":"https:\/\/linitiative.ca\/International\/wp-json\/wp\/v2\/posts"}],"about":[{"href":"https:\/\/linitiative.ca\/International\/wp-json\/wp\/v2\/types\/post"}],"author":[{"embeddable":true,"href":"https:\/\/linitiative.ca\/International\/wp-json\/wp\/v2\/users\/1738"}],"replies":[{"embeddable":true,"href":"https:\/\/linitiative.ca\/International\/wp-json\/wp\/v2\/comments?post=39570"}],"version-history":[{"count":0,"href":"https:\/\/linitiative.ca\/International\/wp-json\/wp\/v2\/posts\/39570\/revisions"}],"wp:featuredmedia":[{"embeddable":true,"href":"https:\/\/linitiative.ca\/International\/wp-json\/"}],"wp:attachment":[{"href":"https:\/\/linitiative.ca\/International\/wp-json\/wp\/v2\/media?parent=39570"}],"wp:term":[{"taxonomy":"category","embeddable":true,"href":"https:\/\/linitiative.ca\/International\/wp-json\/wp\/v2\/categories?post=39570"},{"taxonomy":"post_tag","embeddable":true,"href":"https:\/\/linitiative.ca\/International\/wp-json\/wp\/v2\/tags?post=39570"}],"curies":[{"name":"wp","href":"https:\/\/api.w.org\/{rel}","templated":true}]}}