{"id":39572,"date":"2019-06-09T15:14:12","date_gmt":"2019-06-09T19:14:12","guid":{"rendered":"https:\/\/linitiative.ca\/International\/ballon-dor-ballon-dor-wijnaldum-pousse-pour-van-dijk\/"},"modified":"2019-06-09T15:14:12","modified_gmt":"2019-06-09T19:14:12","slug":"ballon-dor-ballon-dor-wijnaldum-pousse-pour-van-dijk","status":"publish","type":"post","link":"https:\/\/linitiative.ca\/International\/ballon-dor-ballon-dor-wijnaldum-pousse-pour-van-dijk\/","title":{"rendered":"Ballon d&rsquo;Or : Ballon d&rsquo;Or : Wijnaldum pousse pour van Dijk"},"content":{"rendered":"<div readability=\"32\">\n<p>Auteur : <span class=\"time\">dimanche 09 juin 2019 14:30<\/span><\/p>\n<\/div>\n<div id=\"post_core\" readability=\"50\">\n<p>Son partenaire en club comme en s\u00e9lection, le milieu de terrain Georginio Wijnaldum, estime qu&rsquo;il m\u00e9rite amplement le Ballon d&rsquo;Or.<\/p>\n<p>\u00ab\u00a0Quand on voit la saison qu&rsquo;il vient de faire, il m\u00e9rite compl\u00e8tement le Ballon d&rsquo;Or, a indiqu\u00e9 le Batave rapporte Maxifoot. Il a vraiment fait une saison incroyable. Ce n&rsquo;est pas \u00e0 moi de d\u00e9cider qui va gagner le Ballon d&rsquo;Or, mais je pense que c&rsquo;est le meilleur d\u00e9fenseur au monde.\u00a0\u00bb<\/p>\n<p>A priori, l&rsquo;Oranje, vainqueur de la Ligue des Champions et finaliste de la Ligue des Nations, ne devrait pas \u00eatre tr\u00e8s loin des premi\u00e8res places.<\/p>\n<p><strong>Publi\u00e9 dans :<\/strong> <span>liverpool<\/span> <span>Wijnaldum<\/span> <span>Van Dijk<\/span> <span>Ballon d&rsquo;Or<\/span><\/p>\n<\/div>\n<p>Auteur:<br \/>\n<a href=\"http:\/\/www.lebuteur.com\/article\/detail?titre=ballon-dor-wijnaldum-pousse-pour-van-dijk&#038;id=89441&#038;utm_source=feedburner&#038;utm_medium=feed&#038;utm_campaign=Feed%3A+GalerieFArtciles+%28Les+derniers+articles++-+lebuteur.com%29\">Cliquez ici pour lire l&rsquo;article depuis sa source.<\/a><\/p>\n","protected":false},"excerpt":{"rendered":"<p>Auteur : dimanche 09 juin 2019 14:30 Son partenaire en club comme en s\u00e9lection, le milieu de terrain Georginio Wijnaldum, estime qu&rsquo;il m\u00e9rite amplement le Ballon d&rsquo;Or. \u00ab\u00a0Quand on voit la saison qu&rsquo;il vient de faire, il m\u00e9rite compl\u00e8tement le Ballon d&rsquo;Or, a indiqu\u00e9 le Batave rapporte Maxifoot. Il a vraiment fait une saison incroyable. [&hellip;]<\/p>\n","protected":false},"author":1738,"featured_media":39573,"comment_status":"closed","ping_status":"closed","sticky":false,"template":"","format":"standard","meta":{"fifu_image_url":"","fifu_image_alt":"","footnotes":""},"categories":[53,75],"tags":[],"class_list":["post-39572","post","type-post","status-publish","format-standard","has-post-thumbnail","hentry","category-algerie","category-sport"],"_links":{"self":[{"href":"https:\/\/linitiative.ca\/International\/wp-json\/wp\/v2\/posts\/39572","targetHints":{"allow":["GET"]}}],"collection":[{"href":"https:\/\/linitiative.ca\/International\/wp-json\/wp\/v2\/posts"}],"about":[{"href":"https:\/\/linitiative.ca\/International\/wp-json\/wp\/v2\/types\/post"}],"author":[{"embeddable":true,"href":"https:\/\/linitiative.ca\/International\/wp-json\/wp\/v2\/users\/1738"}],"replies":[{"embeddable":true,"href":"https:\/\/linitiative.ca\/International\/wp-json\/wp\/v2\/comments?post=39572"}],"version-history":[{"count":0,"href":"https:\/\/linitiative.ca\/International\/wp-json\/wp\/v2\/posts\/39572\/revisions"}],"wp:featuredmedia":[{"embeddable":true,"href":"https:\/\/linitiative.ca\/International\/wp-json\/"}],"wp:attachment":[{"href":"https:\/\/linitiative.ca\/International\/wp-json\/wp\/v2\/media?parent=39572"}],"wp:term":[{"taxonomy":"category","embeddable":true,"href":"https:\/\/linitiative.ca\/International\/wp-json\/wp\/v2\/categories?post=39572"},{"taxonomy":"post_tag","embeddable":true,"href":"https:\/\/linitiative.ca\/International\/wp-json\/wp\/v2\/tags?post=39572"}],"curies":[{"name":"wp","href":"https:\/\/api.w.org\/{rel}","templated":true}]}}