{"id":39574,"date":"2019-06-09T15:14:13","date_gmt":"2019-06-09T19:14:13","guid":{"rendered":"https:\/\/linitiative.ca\/International\/international-psg-leonardo-aurait-pris-une-grande-decision-pour-rabiot\/"},"modified":"2019-06-09T15:14:13","modified_gmt":"2019-06-09T19:14:13","slug":"international-psg-leonardo-aurait-pris-une-grande-decision-pour-rabiot","status":"publish","type":"post","link":"https:\/\/linitiative.ca\/International\/international-psg-leonardo-aurait-pris-une-grande-decision-pour-rabiot\/","title":{"rendered":"International : PSG : Leonardo aurait pris une grande d\u00e9cision pour Rabiot !"},"content":{"rendered":"<div readability=\"32\">\n<p>Auteur : <span class=\"time\">dimanche 09 juin 2019 15:15<\/span><\/p>\n<\/div>\n<div id=\"post_core\" readability=\"48\">\n<p>Ce sera notamment le cas d\u2019Adrien Rabiot, dont le contrat prend fin le 30 juin prochain, et qui avait annonc\u00e9 son d\u00e9part il y a quelques mois. Mais avec le d\u00e9part d\u2019Antero Henrique, tout est relanc\u00e9.<\/p>\n<p>En effet, selon les informations de la Gazzetta dello Sport et Le 10 Sport, Leonardo tentera de convaincre Adrien Rabiot de prolonger son bail alors qu\u2019il s\u2019appr\u00eate \u00e0 partir libre. Il faut dire que le PSG doit se renforcer dans l\u2019entrejeu, et en conservant le milieu de terrain de 24 ans, Leonardo n\u2019aura pas besoin d\u2019acheter trop de joueurs dans ce secteur de jeu. Une donn\u00e9e non n\u00e9gligeable compte tenu de la menace du fair-play financier. Le m\u00e9dia italien ajoute m\u00eame qu\u2019Adrien Rabiot pourrait \u00eatre la premi\u00e8re recrue de Leonardo qui entretient de bien meilleures relations avec le clan Rabiot qu\u2019Antero Henrique.<\/p>\n<p><strong>Publi\u00e9 dans :<\/strong> <span>PSG<\/span> <span>Rabiot<\/span><\/p>\n<\/div>\n<p>Auteur:<br \/>\n<a href=\"http:\/\/www.lebuteur.com\/article\/detail?titre=psg-leonardo-aurait-pris-une-grande-decision-pour-rabiot&#038;id=89443&#038;utm_source=feedburner&#038;utm_medium=feed&#038;utm_campaign=Feed%3A+GalerieFArtciles+%28Les+derniers+articles++-+lebuteur.com%29\">Cliquez ici pour lire l&rsquo;article depuis sa source.<\/a><\/p>\n","protected":false},"excerpt":{"rendered":"<p>Auteur : dimanche 09 juin 2019 15:15 Ce sera notamment le cas d\u2019Adrien Rabiot, dont le contrat prend fin le 30 juin prochain, et qui avait annonc\u00e9 son d\u00e9part il y a quelques mois. Mais avec le d\u00e9part d\u2019Antero Henrique, tout est relanc\u00e9. En effet, selon les informations de la Gazzetta dello Sport et Le [&hellip;]<\/p>\n","protected":false},"author":1738,"featured_media":39575,"comment_status":"closed","ping_status":"closed","sticky":false,"template":"","format":"standard","meta":{"fifu_image_url":"","fifu_image_alt":"","footnotes":""},"categories":[53,75],"tags":[],"class_list":["post-39574","post","type-post","status-publish","format-standard","has-post-thumbnail","hentry","category-algerie","category-sport"],"_links":{"self":[{"href":"https:\/\/linitiative.ca\/International\/wp-json\/wp\/v2\/posts\/39574","targetHints":{"allow":["GET"]}}],"collection":[{"href":"https:\/\/linitiative.ca\/International\/wp-json\/wp\/v2\/posts"}],"about":[{"href":"https:\/\/linitiative.ca\/International\/wp-json\/wp\/v2\/types\/post"}],"author":[{"embeddable":true,"href":"https:\/\/linitiative.ca\/International\/wp-json\/wp\/v2\/users\/1738"}],"replies":[{"embeddable":true,"href":"https:\/\/linitiative.ca\/International\/wp-json\/wp\/v2\/comments?post=39574"}],"version-history":[{"count":0,"href":"https:\/\/linitiative.ca\/International\/wp-json\/wp\/v2\/posts\/39574\/revisions"}],"wp:featuredmedia":[{"embeddable":true,"href":"https:\/\/linitiative.ca\/International\/wp-json\/"}],"wp:attachment":[{"href":"https:\/\/linitiative.ca\/International\/wp-json\/wp\/v2\/media?parent=39574"}],"wp:term":[{"taxonomy":"category","embeddable":true,"href":"https:\/\/linitiative.ca\/International\/wp-json\/wp\/v2\/categories?post=39574"},{"taxonomy":"post_tag","embeddable":true,"href":"https:\/\/linitiative.ca\/International\/wp-json\/wp\/v2\/tags?post=39574"}],"curies":[{"name":"wp","href":"https:\/\/api.w.org\/{rel}","templated":true}]}}