{"id":39578,"date":"2019-06-09T15:14:15","date_gmt":"2019-06-09T19:14:15","guid":{"rendered":"https:\/\/linitiative.ca\/International\/equipe-dalgerie-ses-objectifs-pour-la-can-ainsi-que-son-avenir-personnel-mehdi-abeid-fait-le-point\/"},"modified":"2019-06-09T15:14:15","modified_gmt":"2019-06-09T19:14:15","slug":"equipe-dalgerie-ses-objectifs-pour-la-can-ainsi-que-son-avenir-personnel-mehdi-abeid-fait-le-point","status":"publish","type":"post","link":"https:\/\/linitiative.ca\/International\/equipe-dalgerie-ses-objectifs-pour-la-can-ainsi-que-son-avenir-personnel-mehdi-abeid-fait-le-point\/","title":{"rendered":"Equipe d&rsquo;Alg\u00e9rie : Ses objectifs pour la CAN ainsi que son avenir personnel\u2026 Mehdi Abeid fait le point"},"content":{"rendered":"<div readability=\"32\">\n<p>Auteur : <span>Riad O.<\/span> <span class=\"time\">dimanche 09 juin 2019 17:15<\/span><\/p>\n<\/div>\n<div id=\"post_core\" readability=\"62\">\n<p>Dans un entretien accord\u00e9 \u00e0 France Football, le joueur milieu de terrain de l\u2019EN, Mehdi Abeid a fait le point sur les objectifs des Verts \u00e0 la CAN, tout en \u00e9voquant son avenir personnel. Extraits.<\/p>\n<p><strong>\u00abJe ne veux pas para\u00eetre pr\u00e9tentieux mais je pense qu&rsquo;on a l&rsquo;\u00e9quipe qu&rsquo;il faut pour aller au bout\u00bb<\/strong><\/p>\n<p>\u00abHonn\u00eatement, on n&rsquo;a pas \u00e0 avoir la pression. Je ne veux pas para\u00eetre pr\u00e9tentieux mais je pense qu&rsquo;on a l&rsquo;\u00e9quipe qu&rsquo;il faut pour aller au bout. \u00c0 nous de nous donner les moyens de le faire. En Afrique, individuellement, on est reconnus pour notre effectif. \u00c0 nous de reproduire \u00e7a collectivement et avoir de bons r\u00e9sultats. On sait qu&rsquo;on est capables de belles choses, mais \u00e0 nous de le reproduire sur le terrain et de faire une bonne CAN. On sait que \u00e7a va \u00eatre compliqu\u00e9 mais je pense qu&rsquo;on a une carte \u00e0 jouer. Mais en Afrique, on le sait, ce n&rsquo;est pas du tout comme l&rsquo;Europe. Ce sont des conditions difficiles, avec la chaleur et des bonnes \u00e9quipes.\u00bb<\/p>\n<p><strong>\u00a0\u00abJ&rsquo;ai envie de changer d&rsquo;air et d&rsquo;aller voir autre chose\u00bb<\/strong><\/p>\n<p>\u00abAvez-vous disput\u00e9 votre dernier match sous les couleurs de Dijon? Oui, je pense. J&rsquo;adore toutes les personnes au club. Maintenant, c&rsquo;est vrai que j&rsquo;ai envie de changer d&rsquo;air et d&rsquo;aller voir autre chose. J&rsquo;ai pass\u00e9 trois ans l\u00e0-bas et je ne les oublierai pas. \u00c7a m&rsquo;a permis d&rsquo;avoir du temps de jeu, de pouvoir m&rsquo;exprimer et de me faire conna\u00eetre en France. Ce sont des bons moments.\u00bb<\/p>\n<p><strong>Publi\u00e9 dans :<\/strong> <span>Abe\u00efd<\/span><\/p>\n<\/div>\n<p>Auteur:<br \/>\n<a href=\"http:\/\/www.lebuteur.com\/article\/detail?titre=ses-objectifs-pour-la-can-ainsi-que-son-avenir-personnel%E2%80%A6-mehdi-abeid-fait-le-point&#038;id=89445&#038;utm_source=feedburner&#038;utm_medium=feed&#038;utm_campaign=Feed%3A+GalerieFArtciles+%28Les+derniers+articles++-+lebuteur.com%29\">Cliquez ici pour lire l&rsquo;article depuis sa source.<\/a><\/p>\n","protected":false},"excerpt":{"rendered":"<p>Auteur : Riad O. dimanche 09 juin 2019 17:15 Dans un entretien accord\u00e9 \u00e0 France Football, le joueur milieu de terrain de l\u2019EN, Mehdi Abeid a fait le point sur les objectifs des Verts \u00e0 la CAN, tout en \u00e9voquant son avenir personnel. Extraits. \u00abJe ne veux pas para\u00eetre pr\u00e9tentieux mais je pense qu&rsquo;on a [&hellip;]<\/p>\n","protected":false},"author":1738,"featured_media":39579,"comment_status":"closed","ping_status":"closed","sticky":false,"template":"","format":"standard","meta":{"fifu_image_url":"","fifu_image_alt":"","footnotes":""},"categories":[53,75],"tags":[],"class_list":["post-39578","post","type-post","status-publish","format-standard","has-post-thumbnail","hentry","category-algerie","category-sport"],"_links":{"self":[{"href":"https:\/\/linitiative.ca\/International\/wp-json\/wp\/v2\/posts\/39578","targetHints":{"allow":["GET"]}}],"collection":[{"href":"https:\/\/linitiative.ca\/International\/wp-json\/wp\/v2\/posts"}],"about":[{"href":"https:\/\/linitiative.ca\/International\/wp-json\/wp\/v2\/types\/post"}],"author":[{"embeddable":true,"href":"https:\/\/linitiative.ca\/International\/wp-json\/wp\/v2\/users\/1738"}],"replies":[{"embeddable":true,"href":"https:\/\/linitiative.ca\/International\/wp-json\/wp\/v2\/comments?post=39578"}],"version-history":[{"count":0,"href":"https:\/\/linitiative.ca\/International\/wp-json\/wp\/v2\/posts\/39578\/revisions"}],"wp:featuredmedia":[{"embeddable":true,"href":"https:\/\/linitiative.ca\/International\/wp-json\/"}],"wp:attachment":[{"href":"https:\/\/linitiative.ca\/International\/wp-json\/wp\/v2\/media?parent=39578"}],"wp:term":[{"taxonomy":"category","embeddable":true,"href":"https:\/\/linitiative.ca\/International\/wp-json\/wp\/v2\/categories?post=39578"},{"taxonomy":"post_tag","embeddable":true,"href":"https:\/\/linitiative.ca\/International\/wp-json\/wp\/v2\/tags?post=39578"}],"curies":[{"name":"wp","href":"https:\/\/api.w.org\/{rel}","templated":true}]}}