{"id":39580,"date":"2019-06-09T15:14:16","date_gmt":"2019-06-09T19:14:16","guid":{"rendered":"https:\/\/linitiative.ca\/International\/pros-lekhal-convole-en-justes-noces-photo\/"},"modified":"2019-06-09T15:14:16","modified_gmt":"2019-06-09T19:14:16","slug":"pros-lekhal-convole-en-justes-noces-photo","status":"publish","type":"post","link":"https:\/\/linitiative.ca\/International\/pros-lekhal-convole-en-justes-noces-photo\/","title":{"rendered":"Pros : Lekhal convole en justes noces (Photo)"},"content":{"rendered":"<div readability=\"32\">\n<p>Auteur : <span class=\"time\">dimanche 09 juin 2019 17:47<\/span><\/p>\n<\/div>\n<div id=\"post_core\" readability=\"36\">\n<p>Le joueur milieu de terrain Alg\u00e9rien, Victor Lekhal a convol\u00e9 en justes noces. Aujourd\u2019hui, sa photo en compagnie de son \u00e9pouse a fait le tour des r\u00e9seaux sociaux. Une bonne nouvelle pour le joueur du HAC qui a \u00e9t\u00e9 contraint de d\u00e9clarer forfait \u00e0 la CAN en raison de blessure.<\/p>\n<p><img decoding=\"async\" alt=\"\" src=\"https:\/\/scontent.fmad3-5.fna.fbcdn.net\/v\/t1.0-9\/62322608_10156040672505614_81756124113534976_n.jpg?_nc_cat=102&#038;_nc_eui2=AeHhPNQuafxE6FHScitU56MDZN5mcg7vnhPs-SvGCiaZLQbhXcjBxcEv-TTwtZorjqxa-mXJu9TqcSmzKk9x91DG3GBxwa534avGBkEpIL0N0A&#038;_nc_ht=scontent.fmad3-5.fna&#038;oh=2aca8128dd57c96fcbb9f46dc0a17bc9&#038;oe=5D8C285B\" class=\"c1\"\/><\/p>\n<p><strong>Publi\u00e9 dans :<\/strong> <span>Lekhal<\/span><\/p>\n<\/div>\n<p>Auteur:<br \/>\n<a href=\"http:\/\/www.lebuteur.com\/article\/detail?titre=lekhal-convole-en-justes-noces-photo&#038;id=89446&#038;utm_source=feedburner&#038;utm_medium=feed&#038;utm_campaign=Feed%3A+GalerieFArtciles+%28Les+derniers+articles++-+lebuteur.com%29\">Cliquez ici pour lire l&rsquo;article depuis sa source.<\/a><\/p>\n","protected":false},"excerpt":{"rendered":"<p>Auteur : dimanche 09 juin 2019 17:47 Le joueur milieu de terrain Alg\u00e9rien, Victor Lekhal a convol\u00e9 en justes noces. Aujourd\u2019hui, sa photo en compagnie de son \u00e9pouse a fait le tour des r\u00e9seaux sociaux. Une bonne nouvelle pour le joueur du HAC qui a \u00e9t\u00e9 contraint de d\u00e9clarer forfait \u00e0 la CAN en raison [&hellip;]<\/p>\n","protected":false},"author":1738,"featured_media":0,"comment_status":"closed","ping_status":"closed","sticky":false,"template":"","format":"standard","meta":{"fifu_image_url":"","fifu_image_alt":"","footnotes":""},"categories":[53,75],"tags":[],"class_list":["post-39580","post","type-post","status-publish","format-standard","hentry","category-algerie","category-sport"],"_links":{"self":[{"href":"https:\/\/linitiative.ca\/International\/wp-json\/wp\/v2\/posts\/39580","targetHints":{"allow":["GET"]}}],"collection":[{"href":"https:\/\/linitiative.ca\/International\/wp-json\/wp\/v2\/posts"}],"about":[{"href":"https:\/\/linitiative.ca\/International\/wp-json\/wp\/v2\/types\/post"}],"author":[{"embeddable":true,"href":"https:\/\/linitiative.ca\/International\/wp-json\/wp\/v2\/users\/1738"}],"replies":[{"embeddable":true,"href":"https:\/\/linitiative.ca\/International\/wp-json\/wp\/v2\/comments?post=39580"}],"version-history":[{"count":0,"href":"https:\/\/linitiative.ca\/International\/wp-json\/wp\/v2\/posts\/39580\/revisions"}],"wp:attachment":[{"href":"https:\/\/linitiative.ca\/International\/wp-json\/wp\/v2\/media?parent=39580"}],"wp:term":[{"taxonomy":"category","embeddable":true,"href":"https:\/\/linitiative.ca\/International\/wp-json\/wp\/v2\/categories?post=39580"},{"taxonomy":"post_tag","embeddable":true,"href":"https:\/\/linitiative.ca\/International\/wp-json\/wp\/v2\/tags?post=39580"}],"curies":[{"name":"wp","href":"https:\/\/api.w.org\/{rel}","templated":true}]}}