{"id":39584,"date":"2019-06-09T04:50:30","date_gmt":"2019-06-09T08:50:30","guid":{"rendered":"https:\/\/linitiative.ca\/International\/90375-mehdi-abeid-on-a-l-equipe-qu-il-faut-pour-aller-au-bout-de-la-can\/"},"modified":"2019-06-09T04:50:30","modified_gmt":"2019-06-09T08:50:30","slug":"90375-mehdi-abeid-on-a-l-equipe-qu-il-faut-pour-aller-au-bout-de-la-can","status":"publish","type":"post","link":"https:\/\/linitiative.ca\/International\/90375-mehdi-abeid-on-a-l-equipe-qu-il-faut-pour-aller-au-bout-de-la-can\/","title":{"rendered":"Mehdi Abeid: \u00ab\u00a0On a l&rsquo;\u00e9quipe qu&rsquo;il faut pour aller au bout\u00a0\u00bb de la CAN"},"content":{"rendered":"<div>\n<div class=\"K2FeedImage\"><img decoding=\"async\" src=\"http:\/\/www.aps.dz\/media\/k2\/items\/cache\/8cc006d11f79a911a913fe254cc90e15_S.jpg\" alt=\"Mehdi Abeid: \" on a l qu faut pour aller au bout de la can><\/div>\n<div class=\"K2FeedIntroText\">\n<p><strong>PARIS &#8211; L&rsquo;international alg\u00e9rien Mehdi Abeid, convoqu\u00e9 par le s\u00e9lectionneur Djamel Belmadi pour la Coupe d&rsquo;Afrique des Nations (CAN) en Egypte, a estim\u00e9 samedi que l&rsquo;Alg\u00e9rie a l&rsquo;\u00e9quipe \u00ab\u00a0qu&rsquo;il faut\u00a0\u00bb pour aller au bout du tournoi continental.<\/strong><\/p>\n<\/div>\n<div class=\"K2FeedFullText\">\n<p>\u00ab\u00a0Je ne veux pas para\u00eetre pr\u00e9tentieux mais je pense qu&rsquo;on a l&rsquo;\u00e9quipe qu&rsquo;il faut pour aller au bout. A nous de nous donner les moyens de le faire. En Afrique, individuellement, on est reconnus pour notre effectif. A nous de reproduire \u00e7a collectivement et avoir de bons r\u00e9sultats\u00a0\u00bb, a d\u00e9clar\u00e9 le milieu de terrain de Dijon Football C\u00f4te-d&rsquo;Or (Ligue 1) dans une interview \u00e0 France Football.<\/p>\n<p>Pour lui, la s\u00e9lection alg\u00e9rienne est \u00ab\u00a0capable de belles choses\u00a0\u00bb et c&rsquo;est aux joueurs de \u00ab\u00a0le reproduire sur le terrain et de faire une bonne CAN\u00a0\u00bb.<\/p>\n<p>\u00ab\u00a0On sait que \u00e7a va \u00eatre compliqu\u00e9 mais je pense qu&rsquo;on a une carte \u00e0 jouer. Mais en Afrique, on le sait, ce n&rsquo;est pas du tout comme l&rsquo;Europe. Ce sont des conditions difficiles, avec la chaleur et des bonnes \u00e9quipes&rsquo;, a-t-il avou\u00e9, soulignant que sa s\u00e9lection est une \u00ab\u00a0grande fiert\u00e9\u00a0\u00bb pour lui.\u00a0\u00a0 Sur l&rsquo;ambiance de l&rsquo;\u00e9quipe nationale alg\u00e9rienne, Mehdi Abeid a indiqu\u00e9 que \u00ab\u00a0\u00e7a se passe plut\u00f4t bien\u00a0\u00bb. \u00ab\u00a0On s&rsquo;est toujours tous bien entendus. Il y a une bonne ambiance dans l&rsquo;\u00e9quipe. Ca se passe bien dans le football et en dehors, c&rsquo;est une bonne chose pour aller le plus loin dans la comp\u00e9tition\u00a0\u00bb, a-t-il expliqu\u00e9, ajoutant que maintenant il y a un nouvel entra\u00eeneur \u00ab\u00a0\u00e7a se passe super bien\u00a0\u00bb.<\/p>\n<p>\u00ab\u00a0On a repris confiance. C&rsquo;est un moment totalement diff\u00e9rent\u00a0\u00bb, a-t-il soutenu.<\/p>\n<p>Concernant son avenir avec Dijon, il a indiqu\u00e9 qu&rsquo;il a \u00ab\u00a0envie de changer d&rsquo;air et d&rsquo;aller voir autre chose\u00a0\u00bb.<\/p>\n<p>\u00ab\u00a0J&rsquo;ai pass\u00e9 trois ans l\u00e0-bas et je ne les oublierai pas. Ca m&rsquo;a permis d&rsquo;avoir du temps de jeu, de pouvoir m&rsquo;exprimer et de me faire conna\u00eetre en France. Ce sont des bons moments\u00a0\u00bb, a-t-il poursuivi.<\/p>\n<\/div>\n<p><img loading=\"lazy\" decoding=\"async\" src=\"http:\/\/feeds.feedburner.com\/~r\/aps-sport\/~4\/5oFDydQBKio\" height=\"1\" width=\"1\" alt=\"\"><\/div>\n<p>Auteur:<br \/>\n<a href=\"http:\/\/www.aps.dz\/sport\/90375-mehdi-abeid-on-a-l-equipe-qu-il-faut-pour-aller-au-bout-de-la-can?utm_source=feedburner&#038;utm_medium=feed&#038;utm_campaign=Feed%3A+aps-sport+%28APS+-+SPORT%29\">Cliquez ici pour lire l&rsquo;article depuis sa source.<\/a><\/p>\n","protected":false},"excerpt":{"rendered":"<p>PARIS &#8211; L&rsquo;international alg\u00e9rien Mehdi Abeid, convoqu\u00e9 par le s\u00e9lectionneur Djamel Belmadi pour la Coupe d&rsquo;Afrique des Nations (CAN) en Egypte, a estim\u00e9 samedi que l&rsquo;Alg\u00e9rie a l&rsquo;\u00e9quipe \u00ab\u00a0qu&rsquo;il faut\u00a0\u00bb pour aller au bout du tournoi continental. \u00ab\u00a0Je ne veux pas para\u00eetre pr\u00e9tentieux mais je pense qu&rsquo;on a l&rsquo;\u00e9quipe qu&rsquo;il faut pour aller au bout. [&hellip;]<\/p>\n","protected":false},"author":1790,"featured_media":39585,"comment_status":"closed","ping_status":"closed","sticky":false,"template":"","format":"standard","meta":{"fifu_image_url":"","fifu_image_alt":"","footnotes":""},"categories":[53,75],"tags":[],"class_list":["post-39584","post","type-post","status-publish","format-standard","has-post-thumbnail","hentry","category-algerie","category-sport"],"_links":{"self":[{"href":"https:\/\/linitiative.ca\/International\/wp-json\/wp\/v2\/posts\/39584","targetHints":{"allow":["GET"]}}],"collection":[{"href":"https:\/\/linitiative.ca\/International\/wp-json\/wp\/v2\/posts"}],"about":[{"href":"https:\/\/linitiative.ca\/International\/wp-json\/wp\/v2\/types\/post"}],"author":[{"embeddable":true,"href":"https:\/\/linitiative.ca\/International\/wp-json\/wp\/v2\/users\/1790"}],"replies":[{"embeddable":true,"href":"https:\/\/linitiative.ca\/International\/wp-json\/wp\/v2\/comments?post=39584"}],"version-history":[{"count":0,"href":"https:\/\/linitiative.ca\/International\/wp-json\/wp\/v2\/posts\/39584\/revisions"}],"wp:featuredmedia":[{"embeddable":true,"href":"https:\/\/linitiative.ca\/International\/wp-json\/"}],"wp:attachment":[{"href":"https:\/\/linitiative.ca\/International\/wp-json\/wp\/v2\/media?parent=39584"}],"wp:term":[{"taxonomy":"category","embeddable":true,"href":"https:\/\/linitiative.ca\/International\/wp-json\/wp\/v2\/categories?post=39584"},{"taxonomy":"post_tag","embeddable":true,"href":"https:\/\/linitiative.ca\/International\/wp-json\/wp\/v2\/tags?post=39584"}],"curies":[{"name":"wp","href":"https:\/\/api.w.org\/{rel}","templated":true}]}}