{"id":39586,"date":"2019-06-09T05:04:38","date_gmt":"2019-06-09T09:04:38","guid":{"rendered":"https:\/\/linitiative.ca\/International\/90376-batna-350-athletes-au-coup-d-envoi-du-chalenge-international-des-aures\/"},"modified":"2019-06-09T05:04:38","modified_gmt":"2019-06-09T09:04:38","slug":"90376-batna-350-athletes-au-coup-d-envoi-du-chalenge-international-des-aures","status":"publish","type":"post","link":"https:\/\/linitiative.ca\/International\/90376-batna-350-athletes-au-coup-d-envoi-du-chalenge-international-des-aures\/","title":{"rendered":"Batna: 350 athl\u00e8tes au coup d&rsquo;envoi du chalenge international des Aur\u00e8s"},"content":{"rendered":"<div>\n<div class=\"K2FeedImage\"><img decoding=\"async\" src=\"http:\/\/www.aps.dz\/media\/k2\/items\/cache\/cdab9d5e48b97c5f44673eb793187760_S.jpg\" alt=\"Batna: 350 athl\u00e8tes au coup d'envoi du chalenge international des Aur\u00e8s\"><\/div>\n<div class=\"K2FeedIntroText\">\n<p><strong>BATNA &#8211; Pas moins de 350 athl\u00e8tes ont pris part samedi en fin apr\u00e8s-midi, au coup d&rsquo;envoi du chalenge international des Aur\u00e8s au complexe olympique du 1er Novembre 1954 de Batna.<\/strong><\/p>\n<\/div>\n<div class=\"K2FeedFullText\">\n<p>Le pr\u00e9sident de la ligue d&rsquo;athl\u00e9tisme de Batna, Messaoud Khelil a dit s&rsquo;attendre \u00e0 une comp\u00e9tition \u2018\u2019relev\u00e9e\u2019\u2019 aussi bien chez les seniors que chez les jeunes soulignant que cette \u00e9dition enregistre la participation de plusieurs champions olympiques et africains.<\/p>\n<p>Au total 26 \u00e9preuves dont 9 concours sont inscrits au programme de ce challenge parmi lesquels,\u00a0 le 10 000 m\u00e8tres marche, le 100 m\u00e8tres, le 400 m\u00e8tres, le 3000 m\u00e8tres steeple, le lancer du javelot, le triple saut, a-t-il ajout\u00e9.<\/p>\n<p>Contrairement aux \u00e9ditions pr\u00e9c\u00e9dentes, l&rsquo;\u00e9preuve phare du chalenge international des Aur\u00e8s, le relais d&rsquo;argent 5&#215;800 m\u00e8tres (3 gar\u00e7ons-2filles), pr\u00e9vu en cl\u00f4ture de la comp\u00e9tition, pr\u00e9vu dimanche au complexe du 1er Novembre 1954, a r\u00e9v\u00e9l\u00e9 Khelil.<\/p>\n<p>La ligue de wilaya d&rsquo;athl\u00e9tisme de Batna a mobilis\u00e9 tous les moyens n\u00e9cessaires au bon d\u00e9roulement de ce Challenge international des Aures, a-t-il assur\u00e9.<\/p>\n<p>Il est \u00e0 noter que cette comp\u00e9tition qui enregistre la participation d&rsquo;athl\u00e8tes nationaux et d&rsquo;autres venus de Tunisie et du Maroc, est organis\u00e9e par la F\u00e9d\u00e9ration Alg\u00e9rienne d&rsquo;Athl\u00e9tisme en coordination avec la direction locale de la jeunesse et des sports.<\/p>\n<\/div>\n<p><img loading=\"lazy\" decoding=\"async\" src=\"http:\/\/feeds.feedburner.com\/~r\/aps-sport\/~4\/9DTe4cQboU8\" height=\"1\" width=\"1\" alt=\"\"><\/div>\n<p>Auteur:<br \/>\n<a href=\"http:\/\/www.aps.dz\/sport\/90376-batna-350-athletes-au-coup-d-envoi-du-chalenge-international-des-aures?utm_source=feedburner&#038;utm_medium=feed&#038;utm_campaign=Feed%3A+aps-sport+%28APS+-+SPORT%29\">Cliquez ici pour lire l&rsquo;article depuis sa source.<\/a><\/p>\n","protected":false},"excerpt":{"rendered":"<p>BATNA &#8211; Pas moins de 350 athl\u00e8tes ont pris part samedi en fin apr\u00e8s-midi, au coup d&rsquo;envoi du chalenge international des Aur\u00e8s au complexe olympique du 1er Novembre 1954 de Batna. Le pr\u00e9sident de la ligue d&rsquo;athl\u00e9tisme de Batna, Messaoud Khelil a dit s&rsquo;attendre \u00e0 une comp\u00e9tition \u2018\u2019relev\u00e9e\u2019\u2019 aussi bien chez les seniors que chez [&hellip;]<\/p>\n","protected":false},"author":1790,"featured_media":39587,"comment_status":"closed","ping_status":"closed","sticky":false,"template":"","format":"standard","meta":{"fifu_image_url":"","fifu_image_alt":"","footnotes":""},"categories":[53,75],"tags":[],"class_list":["post-39586","post","type-post","status-publish","format-standard","has-post-thumbnail","hentry","category-algerie","category-sport"],"_links":{"self":[{"href":"https:\/\/linitiative.ca\/International\/wp-json\/wp\/v2\/posts\/39586","targetHints":{"allow":["GET"]}}],"collection":[{"href":"https:\/\/linitiative.ca\/International\/wp-json\/wp\/v2\/posts"}],"about":[{"href":"https:\/\/linitiative.ca\/International\/wp-json\/wp\/v2\/types\/post"}],"author":[{"embeddable":true,"href":"https:\/\/linitiative.ca\/International\/wp-json\/wp\/v2\/users\/1790"}],"replies":[{"embeddable":true,"href":"https:\/\/linitiative.ca\/International\/wp-json\/wp\/v2\/comments?post=39586"}],"version-history":[{"count":0,"href":"https:\/\/linitiative.ca\/International\/wp-json\/wp\/v2\/posts\/39586\/revisions"}],"wp:featuredmedia":[{"embeddable":true,"href":"https:\/\/linitiative.ca\/International\/wp-json\/"}],"wp:attachment":[{"href":"https:\/\/linitiative.ca\/International\/wp-json\/wp\/v2\/media?parent=39586"}],"wp:term":[{"taxonomy":"category","embeddable":true,"href":"https:\/\/linitiative.ca\/International\/wp-json\/wp\/v2\/categories?post=39586"},{"taxonomy":"post_tag","embeddable":true,"href":"https:\/\/linitiative.ca\/International\/wp-json\/wp\/v2\/tags?post=39586"}],"curies":[{"name":"wp","href":"https:\/\/api.w.org\/{rel}","templated":true}]}}