{"id":39589,"date":"2019-06-09T05:17:11","date_gmt":"2019-06-09T09:17:11","guid":{"rendered":"https:\/\/linitiative.ca\/International\/90378-ligue-1-mobilis-cr-belouizdad-allik-restera-au-chabab-amara\/"},"modified":"2019-06-09T05:17:11","modified_gmt":"2019-06-09T09:17:11","slug":"90378-ligue-1-mobilis-cr-belouizdad-allik-restera-au-chabab-amara","status":"publish","type":"post","link":"https:\/\/linitiative.ca\/International\/90378-ligue-1-mobilis-cr-belouizdad-allik-restera-au-chabab-amara\/","title":{"rendered":"Ligue 1 Mobilis-CR Belouizdad: \u00ab\u00a0Allik restera au Chabab\u00a0\u00bb (Amara)"},"content":{"rendered":"<div>\n<div class=\"K2FeedIntroText\">\n<p><strong>BLIDA &#8211; Le Directeur g\u00e9n\u00e9ral du CR Belouizdad \u00ab\u00a0Sa\u00efd Allik restera en poste la saison prochaine\u00a0\u00bb, a assur\u00e9 samedi \u00e0 Blida Amara Charafeddine, le PDG de Madar-Holding, qui est le sponsor majoritaire du club, apportant ainsi un d\u00e9menti cat\u00e9gorique aux rumeurs ayant fait \u00e9tat derni\u00e8rement d&rsquo;un possible retour de ce dirigeant \u00e0 son ancien club, l&rsquo;USM Alger.<\/strong><\/p>\n<\/div>\n<div class=\"K2FeedFullText\">\n<p>\u00ab\u00a0Il n&rsquo;y a aucune raison \u00e0 ce que Allik quitte le Chabab. Je peux m\u00eame assurer d\u00e8s maintenant qu&rsquo;il poursuivra l&rsquo;aventure avec nous\u00a0\u00bb a indiqu\u00e9 Amara juste apr\u00e8s le sacre de son \u00e9quipe en finale de la coupe d&rsquo;Alg\u00e9rie, en dominant la JSM B\u00e9ja\u00efa (2-0) au stade Mustapha-Tchaker.<\/p>\n<p>Derni\u00e8rement, des rumeurs sont all\u00e9es bon train concernant un \u00e9ventuel retour d&rsquo;Allik \u00e0 l&rsquo;USMA, pour y remplacer le S\u00e9tifien Abdelhakim Serrar, qui avait d\u00e9missionn\u00e9 du poste du Directeur g\u00e9n\u00e9ral juste apr\u00e8s le sacre des Rouge et Noir en Championnat. Mais le PDG de groupe Madar-Holding a tout d\u00e9menti, assurant qu&rsquo;il ne s&rsquo;agit-l\u00e0 que de \u00ab\u00a0simples rumeurs\u00a0\u00bb.\u00a0\u00a0\u00a0\u00a0 Amara a indiqu\u00e9 par ailleurs que ce huiti\u00e8me sacre de son en coupe d&rsquo;Alg\u00e9rie est annonciateur du \u00ab\u00a0retour du Chabab aux devants de la sc\u00e8ne\u00a0\u00bb et qu&rsquo;il l&rsquo;oblige \u00e0 \u00ab\u00a0voir plus grand\u00a0\u00bb concernant les objectifs qu&rsquo;il se fixera \u00e0 l&rsquo;avenir.<\/p>\n<p>\u00ab\u00a0Gr\u00e2ce \u00e0 cette coupe, nous disputerons une comp\u00e9tition internationale l&rsquo;an prochain (Coupe de la CAF, ndlr). Je ne sais pas encore si nous allons en faire notre principal objectif, car nous devons d&rsquo;abord en discuter et voir les choses de mani\u00e8re concr\u00e8te, en fonction de nos moyens, mais ce qui est s\u00fbr est que le CRB sera tr\u00e8s ambitieux\u00a0\u00bb a assur\u00e9 le PDG de Madar-Holding.<\/p>\n<p>Par ailleurs, la m\u00eame source a indiqu\u00e9 \u00eatre \u00ab\u00a0sur le point de r\u00e9cup\u00e9rer le complexe sportif du Caroubier\u00a0\u00bb, car il ne reste plus que \u00ab\u00a0quelques d\u00e9tails administratifs \u00e0 r\u00e9gler\u00a0\u00bb, ajoutant au passage avoir \u00ab\u00a0d\u00e9pos\u00e9 une demande officielle\u00a0\u00bb pour que le CRB soit domicili\u00e9 dans le nouveau stade de Baraki, et qu&rsquo;il est actuellement \u00ab\u00a0dans l&rsquo;attente d&rsquo;une r\u00e9ponse\u00a0\u00bb.<\/p>\n<\/div>\n<p><img loading=\"lazy\" decoding=\"async\" src=\"http:\/\/feeds.feedburner.com\/~r\/aps-sport\/~4\/FU9cnC3MGCY\" height=\"1\" width=\"1\" alt=\"\"><\/div>\n<p>Auteur:<br \/>\n<a href=\"http:\/\/www.aps.dz\/sport\/90378-ligue-1-mobilis-cr-belouizdad-allik-restera-au-chabab-amara?utm_source=feedburner&#038;utm_medium=feed&#038;utm_campaign=Feed%3A+aps-sport+%28APS+-+SPORT%29\">Cliquez ici pour lire l&rsquo;article depuis sa source.<\/a><\/p>\n","protected":false},"excerpt":{"rendered":"<p>BLIDA &#8211; Le Directeur g\u00e9n\u00e9ral du CR Belouizdad \u00ab\u00a0Sa\u00efd Allik restera en poste la saison prochaine\u00a0\u00bb, a assur\u00e9 samedi \u00e0 Blida Amara Charafeddine, le PDG de Madar-Holding, qui est le sponsor majoritaire du club, apportant ainsi un d\u00e9menti cat\u00e9gorique aux rumeurs ayant fait \u00e9tat derni\u00e8rement d&rsquo;un possible retour de ce dirigeant \u00e0 son ancien club, [&hellip;]<\/p>\n","protected":false},"author":1790,"featured_media":0,"comment_status":"closed","ping_status":"closed","sticky":false,"template":"","format":"standard","meta":{"fifu_image_url":"","fifu_image_alt":"","footnotes":""},"categories":[53,75],"tags":[],"class_list":["post-39589","post","type-post","status-publish","format-standard","hentry","category-algerie","category-sport"],"_links":{"self":[{"href":"https:\/\/linitiative.ca\/International\/wp-json\/wp\/v2\/posts\/39589","targetHints":{"allow":["GET"]}}],"collection":[{"href":"https:\/\/linitiative.ca\/International\/wp-json\/wp\/v2\/posts"}],"about":[{"href":"https:\/\/linitiative.ca\/International\/wp-json\/wp\/v2\/types\/post"}],"author":[{"embeddable":true,"href":"https:\/\/linitiative.ca\/International\/wp-json\/wp\/v2\/users\/1790"}],"replies":[{"embeddable":true,"href":"https:\/\/linitiative.ca\/International\/wp-json\/wp\/v2\/comments?post=39589"}],"version-history":[{"count":0,"href":"https:\/\/linitiative.ca\/International\/wp-json\/wp\/v2\/posts\/39589\/revisions"}],"wp:attachment":[{"href":"https:\/\/linitiative.ca\/International\/wp-json\/wp\/v2\/media?parent=39589"}],"wp:term":[{"taxonomy":"category","embeddable":true,"href":"https:\/\/linitiative.ca\/International\/wp-json\/wp\/v2\/categories?post=39589"},{"taxonomy":"post_tag","embeddable":true,"href":"https:\/\/linitiative.ca\/International\/wp-json\/wp\/v2\/tags?post=39589"}],"curies":[{"name":"wp","href":"https:\/\/api.w.org\/{rel}","templated":true}]}}