{"id":39590,"date":"2019-06-09T08:02:18","date_gmt":"2019-06-09T12:02:18","guid":{"rendered":"https:\/\/linitiative.ca\/International\/90386-finale-coupe-d-algerie-la-presse-nationale-salue-le-8e-trophee-remporte-par-le-crb\/"},"modified":"2019-06-09T08:02:18","modified_gmt":"2019-06-09T12:02:18","slug":"90386-finale-coupe-d-algerie-la-presse-nationale-salue-le-8e-trophee-remporte-par-le-crb","status":"publish","type":"post","link":"https:\/\/linitiative.ca\/International\/90386-finale-coupe-d-algerie-la-presse-nationale-salue-le-8e-trophee-remporte-par-le-crb\/","title":{"rendered":"Finale Coupe d&rsquo;Alg\u00e9rie : la presse nationale salue le 8e troph\u00e9e remport\u00e9 par le CRB"},"content":{"rendered":"<div>\n<div class=\"K2FeedImage\"><img decoding=\"async\" src=\"http:\/\/www.aps.dz\/media\/k2\/items\/cache\/0e77914af4e544054b17f2b2d7d5a6b1_S.jpg\" alt=\"Finale Coupe d'Alg\u00e9rie : la presse nationale salue le 8e troph\u00e9e remport\u00e9 par le CRB\"><\/div>\n<div class=\"K2FeedIntroText\">\n<p><strong>ALGER &#8211; La coupe d&rsquo;Alg\u00e9rie-2019 remport\u00e9e haut la main, samedi \u00e0 Blida, par le CR Belouizdad face \u00e0 la JSM B\u00e9ja\u00efa (2-0) a \u00e9t\u00e9 salu\u00e9e dimanche par la presse nationale qui met en exergue la performance du Chabab lequel \u00e9gale, avec huit troph\u00e9es de Dame-Coupe, le record de l&rsquo;USM Alger, de l&rsquo;ES S\u00e9tif et du MC Alger.<\/strong><\/p>\n<\/div>\n<div class=\"K2FeedFullText\">\n<p>De gros titres \u00e9voquant le sacre du club alg\u00e9rois d\u00e9croch\u00e9 au stade Mustapha-Tchaker barrent les Unes des diff\u00e9rents quotidiens parus dimanche.<\/p>\n<p>\u00ab\u00a0<strong><a href=\"http:\/\/www.aps.dz\/sport\/90377-foot-coupe-d-algerie-laaquiba-vibre-au-rythme-du-8e-trophee-du-crb\" target=\"_blank\" rel=\"noopener noreferrer\">Laaqiba<\/a><\/strong> tient sa huiti\u00e8me \u00e9toile\u00a0\u00bb (Le Jeune Ind\u00e9pendant), \u00ab\u00a08e sacre pour le Chabab\u00a0\u00bb (Le Soir d&rsquo;Alg\u00e9rie), \u00ab\u00a0Le Chabab arrache sa huiti\u00e8me couronne\u00a0\u00bb (Libert\u00e9) ou encore \u00ab\u00a0La 8e pour les enfants de Laaqiba\u00a0\u00bb sont autant de titres consacr\u00e9s \u00e0 la victoire du CRB qui boucle en apoth\u00e9ose une saison 2018-2109 qu&rsquo;il a pourtant tr\u00e8s mal entam\u00e9e.<\/p>\n<hr>\n<h3>Lire aussi:\u00a0<a href=\"http:\/\/www.aps.dz\/sport\/90368-le-crb-8-trophees-egale-le-record-du-mca-de-l-usma-et-de-l-ess\" target=\"_blank\" rel=\"noopener noreferrer\">Le CRB (8 troph\u00e9es) \u00e9gale le record du MCA, de l&rsquo;USMA et de l`ESS<\/a><\/h3>\n<hr>\n<p>Le quotidien sp\u00e9cialis\u00e9 \u00ab\u00a0El Heddaf\u00a0\u00bb a notamment mis l&rsquo;accent sur le \u00ab\u00a0sursaut d&rsquo;orgueil\u00a0\u00bb de l&rsquo;\u00e9quipe de l&rsquo;ancienne gloire, le d\u00e9funt Ahc\u00e8ne Lalmas, qui a r\u00e9ussi \u00e0 \u00e9viter la rel\u00e9gation en Ligue 2 au prix d&rsquo;une exceptionnelle phase retour en championnat.<\/p>\n<p>Le quartier de Laaqiba, fief par excellence du CR Belouizdad, a \u00e9t\u00e9 pris d&rsquo;assaut par les supporters des Rouge et Blanc d\u00e8s le coup de sifflet final de l\u2019arbitre Sa\u00efdi pour f\u00eater le 8e troph\u00e9e du club.<\/p>\n<p>Habill\u00e9 aux couleurs du Chabab, le mythique quartier de Belouizdad a \u00ab\u00a0explos\u00e9\u00a0\u00bb au premier but de la partie inscrit par Amir Sayoud (76e). La suite de cette 55e finale de Coupe d&rsquo;Alg\u00e9rie a \u00e9t\u00e9 tr\u00e8s longue pour les fans du CRB avant que Khaled Bousseliou n&rsquo;aggrave la marque (90e+5) et ne d\u00e9livre tout le monde.<\/p>\n<p>Au palmar\u00e8s de la comp\u00e9tition, le CRB succ\u00e8de \u00e0 l&rsquo;USM Bel-Abb\u00e8s, victorieuse en finale 2017-2018 de la JS Kabylie (2-1).<\/p>\n<\/div>\n<p><img loading=\"lazy\" decoding=\"async\" src=\"http:\/\/feeds.feedburner.com\/~r\/aps-sport\/~4\/v2gbxiApuJs\" height=\"1\" width=\"1\" alt=\"\"><\/div>\n<p>Auteur:<br \/>\n<a href=\"http:\/\/www.aps.dz\/sport\/90386-finale-coupe-d-algerie-la-presse-nationale-salue-le-8e-trophee-remporte-par-le-crb?utm_source=feedburner&#038;utm_medium=feed&#038;utm_campaign=Feed%3A+aps-sport+%28APS+-+SPORT%29\">Cliquez ici pour lire l&rsquo;article depuis sa source.<\/a><\/p>\n","protected":false},"excerpt":{"rendered":"<p>ALGER &#8211; La coupe d&rsquo;Alg\u00e9rie-2019 remport\u00e9e haut la main, samedi \u00e0 Blida, par le CR Belouizdad face \u00e0 la JSM B\u00e9ja\u00efa (2-0) a \u00e9t\u00e9 salu\u00e9e dimanche par la presse nationale qui met en exergue la performance du Chabab lequel \u00e9gale, avec huit troph\u00e9es de Dame-Coupe, le record de l&rsquo;USM Alger, de l&rsquo;ES S\u00e9tif et du [&hellip;]<\/p>\n","protected":false},"author":1790,"featured_media":39591,"comment_status":"closed","ping_status":"closed","sticky":false,"template":"","format":"standard","meta":{"fifu_image_url":"","fifu_image_alt":"","footnotes":""},"categories":[53,75],"tags":[],"class_list":["post-39590","post","type-post","status-publish","format-standard","has-post-thumbnail","hentry","category-algerie","category-sport"],"_links":{"self":[{"href":"https:\/\/linitiative.ca\/International\/wp-json\/wp\/v2\/posts\/39590","targetHints":{"allow":["GET"]}}],"collection":[{"href":"https:\/\/linitiative.ca\/International\/wp-json\/wp\/v2\/posts"}],"about":[{"href":"https:\/\/linitiative.ca\/International\/wp-json\/wp\/v2\/types\/post"}],"author":[{"embeddable":true,"href":"https:\/\/linitiative.ca\/International\/wp-json\/wp\/v2\/users\/1790"}],"replies":[{"embeddable":true,"href":"https:\/\/linitiative.ca\/International\/wp-json\/wp\/v2\/comments?post=39590"}],"version-history":[{"count":0,"href":"https:\/\/linitiative.ca\/International\/wp-json\/wp\/v2\/posts\/39590\/revisions"}],"wp:featuredmedia":[{"embeddable":true,"href":"https:\/\/linitiative.ca\/International\/wp-json\/"}],"wp:attachment":[{"href":"https:\/\/linitiative.ca\/International\/wp-json\/wp\/v2\/media?parent=39590"}],"wp:term":[{"taxonomy":"category","embeddable":true,"href":"https:\/\/linitiative.ca\/International\/wp-json\/wp\/v2\/categories?post=39590"},{"taxonomy":"post_tag","embeddable":true,"href":"https:\/\/linitiative.ca\/International\/wp-json\/wp\/v2\/tags?post=39590"}],"curies":[{"name":"wp","href":"https:\/\/api.w.org\/{rel}","templated":true}]}}