{"id":39592,"date":"2019-06-09T10:40:32","date_gmt":"2019-06-09T14:40:32","guid":{"rendered":"https:\/\/linitiative.ca\/International\/90396-concours-international-d-endurance-illustration-des-cavaliers-du-club-emir-abdelkader\/"},"modified":"2019-06-09T10:40:32","modified_gmt":"2019-06-09T14:40:32","slug":"90396-concours-international-d-endurance-illustration-des-cavaliers-du-club-emir-abdelkader","status":"publish","type":"post","link":"https:\/\/linitiative.ca\/International\/90396-concours-international-d-endurance-illustration-des-cavaliers-du-club-emir-abdelkader\/","title":{"rendered":"Concours international d\u2019endurance : illustration des cavaliers du club \u00ab\u00a0Emir Abdelkader\u00a0\u00bb"},"content":{"rendered":"<div>\n<div class=\"K2FeedImage\"><img decoding=\"async\" src=\"http:\/\/www.aps.dz\/media\/k2\/items\/cache\/cf3ccde4bdfdaa14cca928a5787d7469_S.jpg\" alt=\"Concours international d\u2019endurance : illustration des cavaliers du club \" emir abdelkader><\/div>\n<div class=\"K2FeedIntroText\">\n<p><strong>ORAN &#8211; Les cavaliers du club \u00e9questre \u00ab\u00a0Emir Abdelkader\u00a0\u00bb de Tiaret se sont illustr\u00e9s au concours international d\u2019endurance, disput\u00e9 samedi au centre \u00e9questre de Tiaret, sur une distance de 120 km.<\/strong><\/p>\n<\/div>\n<div class=\"K2FeedFullText\">\n<p>Le cavalier Asli Dhamane, du centre \u00ab\u00a0Emir Abdelkader\u00a0\u00bb, montant \u00ab\u00a0Quaid\u00a0\u00bb a arrach\u00e9 la premi\u00e8re place devant Abdelkrim Djelloul, enfourchant \u00ab\u00a0Myhorse\u00a0\u00bb et Brahimi Rafik (Blida) sur \u00ab\u00a0Quamous\u00a0\u00bb<\/p>\n<p>La quatri\u00e8me place est revenue \u00e0 Safi Youcef sur \u00ab\u00a0Nahr Dirham\u00a0\u00bb de l\u2019Association sportive \u00e9questre de loisirs Tiaret. Celui-ci est le seul cavalier sur les 10 concurrents \u00e0 avoir pu se qualifier pour l\u2019\u00e9preuve du championnat du monde jeunes cavaliers de moins de 21ans, pr\u00e9vu du 19 au 21 septembre \u00e0 Pise en Italie qui regroupera \u00e9galement l\u2019\u00e9preuve des chevaux 7 ans et plus.<\/p>\n<p>Pour les chevaux 7 ans et plus, quatre sont d\u00e9j\u00e0 qualifi\u00e9s pour le mondial d\u2019Italie. Il s\u2019agit de Rebihi Mohamed sur \u00ab\u00a0Malik Mhareche\u00a0\u00bb, Rebii Djamel sur \u00ab\u00a0Targui\u00a0\u00bb, Bouzida Karim sur \u00ab\u00a0Tourath El Watani\u00a0\u00bb et Mahjoubi Samir sur \u00ab\u00a0Coeur de M\u00e9tidja\u00a0\u00bb.<\/p>\n<p>Dans les \u00e9preuves nationales, 40, 60 et 80 km, disput\u00e9 durant la journ\u00e9e du vendredi, les cavaliers Walid Karous du club \u00ab\u00a0Ecurie Sahel\u00a0\u00bb de Tipaza montant \u00ab\u00a0Carthage\u00a0\u00bb et Tahri Mohamed du club \u00ab\u00a0Haras El Mesk\u00a0\u00bb de Tiaret sur \u00ab\u00a0Aour de Croate\u00a0\u00bb et Abdessatar Amine du club \u00ab\u00a0Berbatiya\u00a0\u00bb d\u2019El-Kala sur \u00ab\u00a0Oscar\u00a0\u00bb se sont distingu\u00e9s en remportant les premi\u00e8res places.<\/p>\n<p>Soixante cavaliers et chevaux \u00e2g\u00e9s de 7 ans et plus ont pris part, dont 10 couples pour le concours international d&rsquo;endurance, issus d\u2019une dizaine de clubs \u00e9questres du pays.<\/p>\n<p>Cette comp\u00e9tition de deux journ\u00e9es a \u00e9t\u00e9 organis\u00e9e par le club \u00e9questre \u00ab\u00a0Rabet El Kheil\u00a0\u00bb de Tiaret, en collaboration avec la F\u00e9d\u00e9ration alg\u00e9rienne sous l&rsquo;\u00e9gide de la F\u00e9d\u00e9ration internationale des sports \u00e9questres. Quatre contr\u00f4les v\u00e9t\u00e9rinaires ont \u00e9t\u00e9 effectu\u00e9s, le long du parcours.<\/p>\n<\/div>\n<p><img loading=\"lazy\" decoding=\"async\" src=\"http:\/\/feeds.feedburner.com\/~r\/aps-sport\/~4\/d3Y7YX-Rm00\" height=\"1\" width=\"1\" alt=\"\"><\/div>\n<p>Auteur:<br \/>\n<a href=\"http:\/\/www.aps.dz\/sport\/90396-concours-international-d-endurance-illustration-des-cavaliers-du-club-emir-abdelkader?utm_source=feedburner&#038;utm_medium=feed&#038;utm_campaign=Feed%3A+aps-sport+%28APS+-+SPORT%29\">Cliquez ici pour lire l&rsquo;article depuis sa source.<\/a><\/p>\n","protected":false},"excerpt":{"rendered":"<p>ORAN &#8211; Les cavaliers du club \u00e9questre \u00ab\u00a0Emir Abdelkader\u00a0\u00bb de Tiaret se sont illustr\u00e9s au concours international d\u2019endurance, disput\u00e9 samedi au centre \u00e9questre de Tiaret, sur une distance de 120 km. Le cavalier Asli Dhamane, du centre \u00ab\u00a0Emir Abdelkader\u00a0\u00bb, montant \u00ab\u00a0Quaid\u00a0\u00bb a arrach\u00e9 la premi\u00e8re place devant Abdelkrim Djelloul, enfourchant \u00ab\u00a0Myhorse\u00a0\u00bb et Brahimi Rafik (Blida) [&hellip;]<\/p>\n","protected":false},"author":1790,"featured_media":39593,"comment_status":"closed","ping_status":"closed","sticky":false,"template":"","format":"standard","meta":{"fifu_image_url":"","fifu_image_alt":"","footnotes":""},"categories":[53,75],"tags":[],"class_list":["post-39592","post","type-post","status-publish","format-standard","has-post-thumbnail","hentry","category-algerie","category-sport"],"_links":{"self":[{"href":"https:\/\/linitiative.ca\/International\/wp-json\/wp\/v2\/posts\/39592","targetHints":{"allow":["GET"]}}],"collection":[{"href":"https:\/\/linitiative.ca\/International\/wp-json\/wp\/v2\/posts"}],"about":[{"href":"https:\/\/linitiative.ca\/International\/wp-json\/wp\/v2\/types\/post"}],"author":[{"embeddable":true,"href":"https:\/\/linitiative.ca\/International\/wp-json\/wp\/v2\/users\/1790"}],"replies":[{"embeddable":true,"href":"https:\/\/linitiative.ca\/International\/wp-json\/wp\/v2\/comments?post=39592"}],"version-history":[{"count":0,"href":"https:\/\/linitiative.ca\/International\/wp-json\/wp\/v2\/posts\/39592\/revisions"}],"wp:featuredmedia":[{"embeddable":true,"href":"https:\/\/linitiative.ca\/International\/wp-json\/"}],"wp:attachment":[{"href":"https:\/\/linitiative.ca\/International\/wp-json\/wp\/v2\/media?parent=39592"}],"wp:term":[{"taxonomy":"category","embeddable":true,"href":"https:\/\/linitiative.ca\/International\/wp-json\/wp\/v2\/categories?post=39592"},{"taxonomy":"post_tag","embeddable":true,"href":"https:\/\/linitiative.ca\/International\/wp-json\/wp\/v2\/tags?post=39592"}],"curies":[{"name":"wp","href":"https:\/\/api.w.org\/{rel}","templated":true}]}}