{"id":39606,"date":"2019-06-09T01:00:00","date_gmt":"2019-06-09T05:00:00","guid":{"rendered":"https:\/\/linitiative.ca\/International\/en-conference-annuelle-les-economistes-tunisiens-asectu-veulent-accelerer-la-transition-energetique\/"},"modified":"2019-06-09T01:00:00","modified_gmt":"2019-06-09T05:00:00","slug":"en-conference-annuelle-les-economistes-tunisiens-asectu-veulent-accelerer-la-transition-energetique","status":"publish","type":"post","link":"https:\/\/linitiative.ca\/International\/en-conference-annuelle-les-economistes-tunisiens-asectu-veulent-accelerer-la-transition-energetique\/","title":{"rendered":"En conf\u00e9rence annuelle, les Economistes Tunisiens (ASECTU) veulent acc\u00e9l\u00e9rer la transition \u00e9nerg\u00e9tique"},"content":{"rendered":"<p>Mohamed Haddar et ses co\u00e9quipiers de l\u2019Association des Economistes Tunisiens ne d\u00e9sarment pas. Pour leur 15\u00e8me conf\u00e9rence annuelle qui se tiendra d\u00e8s ce mercredi 12 juin \u00e0 Hammamet, ils ont choisi pour th\u00e8me \u00ab l\u2019acc\u00e9l\u00e9ration de la transition \u00e9nerg\u00e9tique : r\u00e9volution num\u00e9rique, subventions publiques et d\u00e9centralisation \u00bb. Un vaste programme !<\/p>\n<div readability=\"12.5076923077\">De nombreuses personnalit\u00e9s nationales et internationales du monde \u00e9conomique et politique, indique <a href=\"http:\/\/www.asectu.org\/\">l\u2019ASECTU<\/a>, d\u00e9battront durant trois jours des questions cruciales li\u00e9es \u00e0 <a href=\"\/uploads\/FCK_files\/Programme%20Conf%C3%A9rence_VF%2004%20juin%202019.pdf\">la probl\u00e9matique de l\u2019\u00e9nergie en Tunisie<\/a> ainsi qu\u2019aux mutations qui affecteraient l&rsquo;\u00e9cosyst\u00e8me li\u00e9 \u00e0 tout nouveau mod\u00e8le \u00e9nerg\u00e9tique.<\/div>\n<p>La transition \u00e9nerg\u00e9tique exige, tout en tenant compte de l\u2019ensemble des changements n\u00e9cessaires pour r\u00e9duire la pollution et la consommation d\u2019\u00e9nergie, le passage d&rsquo;un mod\u00e8le \u00e9nerg\u00e9tique bas\u00e9 essentiellement sur la valorisation des \u00e9nergies fossiles \u00e0 un autre mod\u00e8le plus respectueux de l&rsquo;environnement gr\u00e2ce \u00e0 l&rsquo;investissement dans les \u00e9nergies renouvelables. Aujourd&rsquo;hui, tous les acteurs institutionnels et \u00e9conomiques sont concern\u00e9s par cette transition en utilisant efficacement les ressources \u00e9nerg\u00e9tiques disponibles et en luttant fermement contre la pr\u00e9carit\u00e9 \u00e9nerg\u00e9tique.<\/p>\n<p>Pour cela, la transition \u00e9nerg\u00e9tique doit relever plusieurs d\u00e9fis :\u00a0<\/p>\n<ul>\n<li><span class=\"c2\"><strong>\u00c9conomique :<\/strong><\/span> r\u00e9duire la d\u00e9pendance \u00e9nerg\u00e9tique, cr\u00e9er de l&#8217;emploi et gagner en comp\u00e9titivit\u00e9 ;<\/li>\n<li><span class=\"c2\"><strong>Social :<\/strong><\/span> contr\u00f4ler le prix de l&rsquo;\u00e9nergie pour lutter contre la pr\u00e9carit\u00e9 ;\u00a0<\/li>\n<li>R\u00e9gional : favoriser les productions d\u00e9centralis\u00e9es o\u00f9 chaque r\u00e9gion adaptera ses moyens de production d&rsquo;\u00e9nergie selon ses sp\u00e9cificit\u00e9s climatiques et ses besoins ;<\/li>\n<li><span class=\"c2\"><strong>\u00c9cologique :<\/strong><\/span> diminuer concomitamment les \u00e9missions de gaz \u00e0 effet de serre et leurs effets n\u00e9fastes sur dans le cadre d&rsquo;une d\u00e9marche collective et inclusive, d&rsquo;un m\u00e9canisme de coordination entre l&rsquo;ensemble des acteurs aussi bien les institutions gouvernementales, les collectivit\u00e9s territoriales, les grandes entreprises industrielles, les PME, les startups que les consommateurs.<\/li>\n<\/ul>\n<p>L&rsquo;autre volet de la transition \u00e9nerg\u00e9tique qui m\u00e9rite un r\u00e9examen profond est celui des mutations qui affectent l&rsquo;\u00e9cosyst\u00e8me li\u00e9 \u00e0 tout mod\u00e8le \u00e9nerg\u00e9tique. A vrai dire, cette transition \u00e9nerg\u00e9tique impose in\u00e9luctablement le passage d&rsquo;un syst\u00e8me centralis\u00e9 o\u00f9 l&rsquo;\u00e9nergie est produite en grande quantit\u00e9 par un nombre r\u00e9duit d&rsquo;entreprises de taille grande \u00e0 un mode dual int\u00e9grant un plus grand nombre de producteurs. Toute la question est comment r\u00e9organiser le march\u00e9 de l&rsquo;\u00e9nergie \u00e0 la lumi\u00e8re de ces mutations profondes. Il n&rsquo;en demeure pas moins qu&rsquo;il est n\u00e9cessaire de comprendre comment la transformation num\u00e9rique ou digitale est susceptible d&rsquo;acc\u00e9l\u00e9rer la transition \u00e9nerg\u00e9tique dans les pays o\u00f9 les producteurs d&rsquo;\u00e9nergies d\u00e9pensent 20% de leur investissement annuel dans la digitalisation de leurs activit\u00e9s.<\/p>\n<p>Auteur:<br \/>\n<a href=\"https:\/\/www.leaders.com.tn\/article\/27256-en-conference-annuelle-les-economistes-tunisiens-asectu-veulent-accelerer-la-transition-energetique\">Cliquez ici pour lire l&rsquo;article depuis sa source.<\/a><\/p>\n","protected":false},"excerpt":{"rendered":"<p>Mohamed Haddar et ses co\u00e9quipiers de l\u2019Association des Economistes Tunisiens ne d\u00e9sarment pas. Pour leur 15\u00e8me conf\u00e9rence annuelle qui se tiendra d\u00e8s ce mercredi 12 juin \u00e0 Hammamet, ils ont choisi pour th\u00e8me \u00ab l\u2019acc\u00e9l\u00e9ration de la transition \u00e9nerg\u00e9tique : r\u00e9volution num\u00e9rique, subventions publiques et d\u00e9centralisation \u00bb. Un vaste programme ! De nombreuses personnalit\u00e9s nationales [&hellip;]<\/p>\n","protected":false},"author":1772,"featured_media":0,"comment_status":"closed","ping_status":"closed","sticky":false,"template":"","format":"standard","meta":{"fifu_image_url":"","fifu_image_alt":"","footnotes":""},"categories":[73,55],"tags":[],"class_list":["post-39606","post","type-post","status-publish","format-standard","hentry","category-actualite","category-tunisie"],"_links":{"self":[{"href":"https:\/\/linitiative.ca\/International\/wp-json\/wp\/v2\/posts\/39606","targetHints":{"allow":["GET"]}}],"collection":[{"href":"https:\/\/linitiative.ca\/International\/wp-json\/wp\/v2\/posts"}],"about":[{"href":"https:\/\/linitiative.ca\/International\/wp-json\/wp\/v2\/types\/post"}],"author":[{"embeddable":true,"href":"https:\/\/linitiative.ca\/International\/wp-json\/wp\/v2\/users\/1772"}],"replies":[{"embeddable":true,"href":"https:\/\/linitiative.ca\/International\/wp-json\/wp\/v2\/comments?post=39606"}],"version-history":[{"count":0,"href":"https:\/\/linitiative.ca\/International\/wp-json\/wp\/v2\/posts\/39606\/revisions"}],"wp:attachment":[{"href":"https:\/\/linitiative.ca\/International\/wp-json\/wp\/v2\/media?parent=39606"}],"wp:term":[{"taxonomy":"category","embeddable":true,"href":"https:\/\/linitiative.ca\/International\/wp-json\/wp\/v2\/categories?post=39606"},{"taxonomy":"post_tag","embeddable":true,"href":"https:\/\/linitiative.ca\/International\/wp-json\/wp\/v2\/tags?post=39606"}],"curies":[{"name":"wp","href":"https:\/\/api.w.org\/{rel}","templated":true}]}}