{"id":39607,"date":"2019-06-09T02:00:00","date_gmt":"2019-06-09T06:00:00","guid":{"rendered":"https:\/\/linitiative.ca\/International\/que-dira-youssef-chahed-mardi-devant-la-108e-conference-internationale-du-travail-a-geneve\/"},"modified":"2019-06-09T02:00:00","modified_gmt":"2019-06-09T06:00:00","slug":"que-dira-youssef-chahed-mardi-devant-la-108e-conference-internationale-du-travail-a-geneve","status":"publish","type":"post","link":"https:\/\/linitiative.ca\/International\/que-dira-youssef-chahed-mardi-devant-la-108e-conference-internationale-du-travail-a-geneve\/","title":{"rendered":"Que dira Youssef Chahed mardi devant la 108e Conf\u00e9rence internationale du Travail \u00e0 Gen\u00e8ve"},"content":{"rendered":"<p>Le chef du gouvernement est attendu ce lundi apr\u00e8s-midi \u00e0 Gen\u00e8ve o\u00f9 il conduira la d\u00e9l\u00e9gation tunisienne \u00e0 la 108e Conf\u00e9rence internationale du Travail, marquant le centenaire de l\u2019Organisation internationale du Travail (OIT). Tripartite dans sa composition, cette d\u00e9l\u00e9gation comprend notamment, outre les repr\u00e9sentants du gouvernement, les dirigeants de l\u2019UGTT et de l\u2019UTICA.<\/p>\n<p>Le chef du gouvernement sera accompagn\u00e9 \u00e0 cette occasion par le ministre des Affaires sociales, Mohamed Trabelsi, le secr\u00e9taire d\u2019Etat aupr\u00e8s du ministre des Affaires \u00e9trang\u00e8res, Sabri Bach Tobji, ses conseillers \u00e9conomique (Lotfi Ben Sassi), diplomatique (Tarek Ben Salem) et en communication (Mofdi Mseddi), ainsi que le pr\u00e9sident de la CONECT, Tarek Cherif.<\/p>\n<p>Youssef Chahed fera partie de la <a href=\"https:\/\/www.ilo.org\/ilc\/ILCSessions\/108\/plenary\/high-level\/lang--fr\/index.htm\">cinquantaine de dignitaires de haut niveau<\/a> y compris 45 chefs d\u2019Etat et de gouvernement qui s\u2019adresseront en s\u00e9ance pl\u00e9ni\u00e8re, lors de la section de haut-niveau aux quelques 5 700 d\u00e9l\u00e9gu\u00e9s gouvernementaux, employeurs et travailleurs en provenance des 187 Etats membres. Il prendra la parole mardi 11 juin dans l\u2019apr\u00e8s-midi, dans la suite des interventions notamment du pr\u00e9sident fran\u00e7ais Emmanuel Macron et de la Chanceli\u00e8re allemande, Angela Merkel.<\/p>\n<h2>Un acte de r\u00e9sistance<\/h2>\n<p>Le chef du gouvernement Youssef Chahed sera \u00e9cout\u00e9 avec attention. Gouvernements, employeurs et travailleurs souhaitent savoir o\u00f9 en est aujourd\u2019hui la concorde entre l\u2019UGTT et l\u2019UTICA qui avait scell\u00e9 la base du Quatuor ayant d\u00e9samorc\u00e9 la crise aig\u00fce en Tunisie, fin 2013, et m\u00e9rit\u00e9 le Nobel de la Paix 2015. Mais aussi et surtout, comment le gouvernement fait face aux revendications des travailleurs et en m\u00eame temps les contraintes des employeurs, tout en essayant de limiter le d\u00e9rapage des indicateurs \u00e9conomiques et financiers. Un cas d\u2019\u00e9cole qui, certes sans aboutir \u00e0 des r\u00e9sultats probants, rel\u00e8ve d\u2019un acte de r\u00e9sistance, de la part de toutes les parties.<\/p>\n<h2>Un avenir avec un travail d\u00e9cent<\/h2>\n<p>En pla\u00e7ant ses travaux sous le th\u00e8me de \u00ab Construire un avenir avec un travail d\u00e9cent : la 108e Conf\u00e9rence internationale du Travail qui se poursuivra du 10 au 21 juin au Palais des Nations, entend s\u2019employer \u00e0 trouver des solutions aux d\u00e9fis de l&rsquo;avenir du monde. Les questions ne manquent pas : l\u2019avenir du travail que nous voulons, travailler pour b\u00e2tir un avenir meilleur, lutter contre la violence et le harc\u00e8lement au travail, l\u2019application des normes, etc.\u00a0<\/p>\n<p>Les \u00e9v\u00e8nements et forums, anim\u00e9s par des intervenants de haut niveau traiteront des th\u00e8mes d\u2019actualit\u00e9 : emplois et comp\u00e9tences, la technologie au service du travail d\u00e9cent, libert\u00e9 syndicale et n\u00e9gociation collective, les entreprises au service du travail d\u00e9cent, multilat\u00e9ralisme et avenir du travail, transitions professionnelles tout au long de la vie. Un d\u00e9bat sur la construction d\u2019un avenir meilleur, sans travail des enfants, sera organis\u00e9 pour c\u00e9l\u00e9brer la Journ\u00e9e mondiale contre le travail des enfants.<\/p>\n<p>La d\u00e9claration du centenaire qui sera adopt\u00e9e \u00e0 cette occasion, devait mentionner notamment les forces \u00e0 mettre en \u0153uvre dans la transformation du monde du travail et la mission de l\u2019OIT dans l\u2019\u00e9dification d\u2019un avenir de prosp\u00e9rit\u00e9 partag\u00e9e par tous.<\/p>\n<p>Auteur:<br \/>\n<a href=\"https:\/\/www.leaders.com.tn\/article\/27255-que-dira-youssef-chahed-mardi-devant-la-108e-conference-internationale-du-travail-a-geneve\">Cliquez ici pour lire l&rsquo;article depuis sa source.<\/a><\/p>\n","protected":false},"excerpt":{"rendered":"<p>Le chef du gouvernement est attendu ce lundi apr\u00e8s-midi \u00e0 Gen\u00e8ve o\u00f9 il conduira la d\u00e9l\u00e9gation tunisienne \u00e0 la 108e Conf\u00e9rence internationale du Travail, marquant le centenaire de l\u2019Organisation internationale du Travail (OIT). Tripartite dans sa composition, cette d\u00e9l\u00e9gation comprend notamment, outre les repr\u00e9sentants du gouvernement, les dirigeants de l\u2019UGTT et de l\u2019UTICA. Le chef [&hellip;]<\/p>\n","protected":false},"author":1772,"featured_media":0,"comment_status":"closed","ping_status":"closed","sticky":false,"template":"","format":"standard","meta":{"fifu_image_url":"","fifu_image_alt":"","footnotes":""},"categories":[73,55],"tags":[],"class_list":["post-39607","post","type-post","status-publish","format-standard","hentry","category-actualite","category-tunisie"],"_links":{"self":[{"href":"https:\/\/linitiative.ca\/International\/wp-json\/wp\/v2\/posts\/39607","targetHints":{"allow":["GET"]}}],"collection":[{"href":"https:\/\/linitiative.ca\/International\/wp-json\/wp\/v2\/posts"}],"about":[{"href":"https:\/\/linitiative.ca\/International\/wp-json\/wp\/v2\/types\/post"}],"author":[{"embeddable":true,"href":"https:\/\/linitiative.ca\/International\/wp-json\/wp\/v2\/users\/1772"}],"replies":[{"embeddable":true,"href":"https:\/\/linitiative.ca\/International\/wp-json\/wp\/v2\/comments?post=39607"}],"version-history":[{"count":0,"href":"https:\/\/linitiative.ca\/International\/wp-json\/wp\/v2\/posts\/39607\/revisions"}],"wp:attachment":[{"href":"https:\/\/linitiative.ca\/International\/wp-json\/wp\/v2\/media?parent=39607"}],"wp:term":[{"taxonomy":"category","embeddable":true,"href":"https:\/\/linitiative.ca\/International\/wp-json\/wp\/v2\/categories?post=39607"},{"taxonomy":"post_tag","embeddable":true,"href":"https:\/\/linitiative.ca\/International\/wp-json\/wp\/v2\/tags?post=39607"}],"curies":[{"name":"wp","href":"https:\/\/api.w.org\/{rel}","templated":true}]}}