{"id":39608,"date":"2019-06-09T04:30:00","date_gmt":"2019-06-09T08:30:00","guid":{"rendered":"https:\/\/linitiative.ca\/International\/ces-hauts-fonctionnaires-trop-tot-sacrifies\/"},"modified":"2019-06-09T04:30:00","modified_gmt":"2019-06-09T08:30:00","slug":"ces-hauts-fonctionnaires-trop-tot-sacrifies","status":"publish","type":"post","link":"https:\/\/linitiative.ca\/International\/ces-hauts-fonctionnaires-trop-tot-sacrifies\/","title":{"rendered":"Ces hauts fonctionnaires trop t\u00f4t sacrifi\u00e9s"},"content":{"rendered":"<p>La Tunisie a-t-elle suffisamment de hautes comp\u00e9tences dans des domaines pointus pour qu\u2019elle puisse se permettre le luxe de les laisser partir \u00e0 la retraite d\u00e8s l\u2019\u00e2ge, nagu\u00e8re en vigueur, de 60 ans ? Consuls g\u00e9n\u00e9raux, ambassadeurs, P.D.G. d\u2019entreprises publiques, hauts fonctionnaires, ing\u00e9nieurs et autres cadres de la nation qui ont fait le serment de servir la patrie sont \u00e0 maintenir en activit\u00e9, pour n\u00e9cessit\u00e9 de service. Ils ne le refuseront pas.<\/p>\n<p>Leur d\u00e9part, une fois d\u00e9cid\u00e9, doit \u00eatre c\u00e9l\u00e9br\u00e9 avec toute la reconnaissance m\u00e9rit\u00e9e et les honneurs dus. On ne peut pas sacrifier sa vie au service de l\u2019Etat et partir sur la pointe des pieds. La reconnaissance doit \u00eatre un motif d\u2019inspiration pour les g\u00e9n\u00e9rations montantes.<\/p>\n<p>Rendons hommage \u00e0 ce propos \u00e0 Hamdi Harrouch qui vient de passer le t\u00e9moin, \u00e0 60 ans, \u00e0 la t\u00eate de l\u2019Agence nationale pour la ma\u00eetrise de l\u2019\u00e9nergie (Anme) \u00e0 Riadh Berrejeb. Titulaire d\u2019un dipl\u00f4me d\u2019\u00e9tudes sup\u00e9rieures sp\u00e9cialis\u00e9es d\u2019\u00e9conomie et politique de l\u2019\u00e9nergie de l\u2019Institut national des sciences et techniques nucl\u00e9aires relevant du Commissariat \u00e0 l\u2019\u00e9nergie atomique et de l\u2019Universit\u00e9 de Paris X &#8211; Nanterre, il avait rejoint l\u2019Anme en 1988, o\u00f9 il a occup\u00e9 plusieurs postes jusqu\u2019\u00e0 la date de sa nomination en tant que directeur g\u00e9n\u00e9ral en 2013.<\/p>\n<p class=\"c2\"><a href=\"https:\/\/www.leaders.com.tn\/le_mensuel_abonnez_vous\" target=\"_blank\" rel=\"noopener noreferrer\"><img loading=\"lazy\" decoding=\"async\" src=\"\/uploads\/FCK_files\/Bandeau-Leaders-1-copie(20).jpg\" alt=\"\" width=\"500\" vspace=\"5\" hspace=\"5\" height=\"128\" align=\"middle\"\/><\/a><\/p>\n<p>Auteur:<br \/>\n<a href=\"https:\/\/www.leaders.com.tn\/article\/27226-les-hauts-fontionnaires-trop-tot-sacrifies\">Cliquez ici pour lire l&rsquo;article depuis sa source.<\/a><\/p>\n","protected":false},"excerpt":{"rendered":"<p>La Tunisie a-t-elle suffisamment de hautes comp\u00e9tences dans des domaines pointus pour qu\u2019elle puisse se permettre le luxe de les laisser partir \u00e0 la retraite d\u00e8s l\u2019\u00e2ge, nagu\u00e8re en vigueur, de 60 ans ? Consuls g\u00e9n\u00e9raux, ambassadeurs, P.D.G. d\u2019entreprises publiques, hauts fonctionnaires, ing\u00e9nieurs et autres cadres de la nation qui ont fait le serment de [&hellip;]<\/p>\n","protected":false},"author":1772,"featured_media":39609,"comment_status":"closed","ping_status":"closed","sticky":false,"template":"","format":"standard","meta":{"fifu_image_url":"","fifu_image_alt":"","footnotes":""},"categories":[73,55],"tags":[],"class_list":["post-39608","post","type-post","status-publish","format-standard","has-post-thumbnail","hentry","category-actualite","category-tunisie"],"_links":{"self":[{"href":"https:\/\/linitiative.ca\/International\/wp-json\/wp\/v2\/posts\/39608","targetHints":{"allow":["GET"]}}],"collection":[{"href":"https:\/\/linitiative.ca\/International\/wp-json\/wp\/v2\/posts"}],"about":[{"href":"https:\/\/linitiative.ca\/International\/wp-json\/wp\/v2\/types\/post"}],"author":[{"embeddable":true,"href":"https:\/\/linitiative.ca\/International\/wp-json\/wp\/v2\/users\/1772"}],"replies":[{"embeddable":true,"href":"https:\/\/linitiative.ca\/International\/wp-json\/wp\/v2\/comments?post=39608"}],"version-history":[{"count":0,"href":"https:\/\/linitiative.ca\/International\/wp-json\/wp\/v2\/posts\/39608\/revisions"}],"wp:featuredmedia":[{"embeddable":true,"href":"https:\/\/linitiative.ca\/International\/wp-json\/"}],"wp:attachment":[{"href":"https:\/\/linitiative.ca\/International\/wp-json\/wp\/v2\/media?parent=39608"}],"wp:term":[{"taxonomy":"category","embeddable":true,"href":"https:\/\/linitiative.ca\/International\/wp-json\/wp\/v2\/categories?post=39608"},{"taxonomy":"post_tag","embeddable":true,"href":"https:\/\/linitiative.ca\/International\/wp-json\/wp\/v2\/tags?post=39608"}],"curies":[{"name":"wp","href":"https:\/\/api.w.org\/{rel}","templated":true}]}}