{"id":39610,"date":"2019-06-09T06:00:00","date_gmt":"2019-06-09T10:00:00","guid":{"rendered":"https:\/\/linitiative.ca\/International\/entre-futur-et-fantomes\/"},"modified":"2019-06-09T06:00:00","modified_gmt":"2019-06-09T10:00:00","slug":"entre-futur-et-fantomes","status":"publish","type":"post","link":"https:\/\/linitiative.ca\/International\/entre-futur-et-fantomes\/","title":{"rendered":"Entre futur et fant\u00f4mes"},"content":{"rendered":"<p>Un troph\u00e9e pour r\u00eaver d&rsquo;avenir: \u00e0 un an de l&rsquo;Euro-2020, le Portugal de Cristiano Ronaldo et le collectif des Pays-Bas s&rsquo;affrontent en finale de Ligue des nations ce soir (19h45 pour inaugurer le palmar\u00e8s de cette nouvelle comp\u00e9tition et chasser certains d\u00e9mons du pass\u00e9.\u00a0<br \/>Au stade du Dragon de Porto (nord du Portugal), les champions d&rsquo;Europe peuvent d\u00e9crocher le deuxi\u00e8me troph\u00e9e officiel de leur histoire, trois ans apr\u00e8s l&rsquo;Euro-2016 en France. Surtout, devant leur public, ils ont un traumatisme national \u00e0 surmonter : celui de la finale de l&rsquo;Euro-2004 \u00e0 domicile perdue face \u00e0 la Gr\u00e8ce (1-0) pour le premier grand tournoi du jeune Ronaldo.\u00a0 Quinze ans et cinq Ballons d&rsquo;Or plus tard, les larmes de l&rsquo;attaquant (34 ans) ont s\u00e9ch\u00e9, mais sa soif de troph\u00e9es reste inextinguible. \u00abC&rsquo;est ma troisi\u00e8me finale (internationale), oui. Et j&rsquo;esp\u00e8re une deuxi\u00e8me victoire. Ce serait fantastique\u00bb, a d\u00e9clar\u00e9 Ronaldo sur le site internet de l&rsquo;UEFA. \u00abNous sommes positifs, nous jouons \u00e0 la maison. J&rsquo;esp\u00e8re que le stade sera formidable, qu&rsquo;il y aura une bonne \u00e9nergie (&#8230;). Tous ensemble, nous pouvons la gagner\u00bb, a-t-il ajout\u00e9 avant cette finale.\u00a0<br \/>\u00a0<br \/><strong>Nouvelle g\u00e9n\u00e9ration<\/strong><br \/>Malgr\u00e9 le temps qui passe, l&rsquo;attaquant de la Juventus Turin reste un \u00abg\u00e9nie du football\u00bb, comme l&rsquo;a d\u00e9clar\u00e9 le s\u00e9lectionneur Fernando Santos apr\u00e8s son tripl\u00e9 en demi-finale contre la Suisse (3-1). Pour autant, \u00abCR7\u00bb ne peut pas tout faire tout seul et le Portugal esp\u00e8re que cette finale fera \u00e9clore sa prometteuse nouvelle g\u00e9n\u00e9ration: derri\u00e8re l&rsquo;excellent Bernardo Silva, les jeunes Bruno Fernandes ou Joao Felix doivent engranger de l&rsquo;exp\u00e9rience pour arriver \u00e0 maturit\u00e9 \u00e0 l&rsquo;Euro. L&rsquo;\u00e9quation est un peu similaire pour les Pays-Bas, la constante Ronaldo en moins : apr\u00e8s avoir rat\u00e9 plusieurs comp\u00e9titions internationales, les N\u00e9erlandais sont port\u00e9s par une nouvelle g\u00e9n\u00e9ration, capable de l&#8217;emporter jeudi en demi-finale contre l&rsquo;Angleterre (3-1 a.p.), quatri\u00e8me du dernier Mondial. Derri\u00e8re, il y a l&rsquo;infranchissable capitaine et d\u00e9fenseur central Virgil van Dijk, vainqueur de la Ligue des champions avec Liverpool et candidat cr\u00e9dible au Ballon d&rsquo;Or face \u00e0 Ronaldo ou Lionel Messi. Il y a aussi la \u00abclasse biberon\u00bb de l&rsquo;Ajax Amsterdam, qui a renvers\u00e9 en C1 le Real Madrid puis la Juventus de Ronaldo: l&rsquo;\u00e9patant m\u00e9tronome Frenkie de Jong, le milieu Donny van de Beek ou l&rsquo;\u00e9l\u00e9gant d\u00e9fenseur Matthijs de Ligt (19 ans), qui a montr\u00e9 sa force de caract\u00e8re jeudi en conc\u00e9dant un penalty puis en marquant un but pour se racheter.\u00a0<br \/>\u00a0<br \/><strong>Blocage mental<\/strong><br \/>\u00abExcellente \u00e9quipe. Ils ont tr\u00e8s bien jou\u00e9\u00bb contre l&rsquo;Angleterre, a appr\u00e9ci\u00e9 Ronaldo. \u00abIls ont de grands joueurs \u2014 jeunes et plus exp\u00e9riment\u00e9s \u2014 ce qui rend leur \u00e9quipe encore plus forte.\u00bb La s\u00e9lection n\u00e9erlandaise tra\u00eene n\u00e9anmoins son passif dans les grandes comp\u00e9titions : hormis un sacre \u00e0 l&rsquo;Euro-1988, les \u00abOranje\u00bb ont perdu trois finales de Coupe du monde, la derni\u00e8re en 2010. Bref, un deuxi\u00e8me troph\u00e9e officiel dimanche l\u00e8verait peut-\u00eatre un blocage mental \u00e0 un an de l&rsquo;Euro, disput\u00e9 dans 12 villes du continent, surtout que les Pays-Bas n&rsquo;ont plus gagn\u00e9 en match de comp\u00e9tition contre le Portugal depuis 1992 ! Les N\u00e9erlandais ont n\u00e9anmoins battu les Portugais 3-0 en amical en mars 2018 et affichent leurs ambitions dans cette Ligue des nations apr\u00e8s avoir notamment terrass\u00e9 la France championne du monde et l&rsquo;Allemagne en poules : \u00abOn esp\u00e8re remporter le troph\u00e9e\u00bb, a lanc\u00e9 sans fard Frenkie de Jong. \u00abLe Portugal joue \u00e0 domicile mais nous avons nos chances\u00bb, a jug\u00e9 le milieu, r\u00e9cemment recrut\u00e9 par Barcelone. \u00abCe ne sera pas facile de stopper Ronaldo, il a montr\u00e9 de nombreuses fois qu&rsquo;il \u00e9tait vraiment sp\u00e9cial mais nous avons une bonne ligne d\u00e9fensive pour tenter de l&rsquo;arr\u00eater.\u00bb La d\u00e9fense du Portugal, elle, sera priv\u00e9e ce soir de son patron Pepe, victime d&rsquo;une fracture de l&rsquo;omoplate contre la Suisse. Mais les Pays-Bas auront dans les jambes un jour de r\u00e9cup\u00e9ration en moins et une prolongation en plus, alors&#8230; Qui sera le premier champion de ce \u00abpetit\u00bb championnat d&rsquo;Europe ?<\/p>\n<p>Auteur:<br \/>\n<a href=\"https:\/\/www.lesoirdalgerie.com\/sports\/entre-futur-et-fantomes-25097\">Cliquez ici pour lire l&rsquo;article depuis sa source.<\/a><\/p>\n","protected":false},"excerpt":{"rendered":"<p>Un troph\u00e9e pour r\u00eaver d&rsquo;avenir: \u00e0 un an de l&rsquo;Euro-2020, le Portugal de Cristiano Ronaldo et le collectif des Pays-Bas s&rsquo;affrontent en finale de Ligue des nations ce soir (19h45 pour inaugurer le palmar\u00e8s de cette nouvelle comp\u00e9tition et chasser certains d\u00e9mons du pass\u00e9.\u00a0Au stade du Dragon de Porto (nord du Portugal), les champions d&rsquo;Europe [&hellip;]<\/p>\n","protected":false},"author":1741,"featured_media":0,"comment_status":"closed","ping_status":"closed","sticky":false,"template":"","format":"standard","meta":{"fifu_image_url":"","fifu_image_alt":"","footnotes":""},"categories":[73,53],"tags":[],"class_list":["post-39610","post","type-post","status-publish","format-standard","hentry","category-actualite","category-algerie"],"_links":{"self":[{"href":"https:\/\/linitiative.ca\/International\/wp-json\/wp\/v2\/posts\/39610","targetHints":{"allow":["GET"]}}],"collection":[{"href":"https:\/\/linitiative.ca\/International\/wp-json\/wp\/v2\/posts"}],"about":[{"href":"https:\/\/linitiative.ca\/International\/wp-json\/wp\/v2\/types\/post"}],"author":[{"embeddable":true,"href":"https:\/\/linitiative.ca\/International\/wp-json\/wp\/v2\/users\/1741"}],"replies":[{"embeddable":true,"href":"https:\/\/linitiative.ca\/International\/wp-json\/wp\/v2\/comments?post=39610"}],"version-history":[{"count":0,"href":"https:\/\/linitiative.ca\/International\/wp-json\/wp\/v2\/posts\/39610\/revisions"}],"wp:attachment":[{"href":"https:\/\/linitiative.ca\/International\/wp-json\/wp\/v2\/media?parent=39610"}],"wp:term":[{"taxonomy":"category","embeddable":true,"href":"https:\/\/linitiative.ca\/International\/wp-json\/wp\/v2\/categories?post=39610"},{"taxonomy":"post_tag","embeddable":true,"href":"https:\/\/linitiative.ca\/International\/wp-json\/wp\/v2\/tags?post=39610"}],"curies":[{"name":"wp","href":"https:\/\/api.w.org\/{rel}","templated":true}]}}