{"id":39611,"date":"2019-06-09T06:00:00","date_gmt":"2019-06-09T10:00:00","guid":{"rendered":"https:\/\/linitiative.ca\/International\/le-programme-de-juin-de-lahoulou\/"},"modified":"2019-06-09T06:00:00","modified_gmt":"2019-06-09T10:00:00","slug":"le-programme-de-juin-de-lahoulou","status":"publish","type":"post","link":"https:\/\/linitiative.ca\/International\/le-programme-de-juin-de-lahoulou\/","title":{"rendered":"Le programme de juin de Lahoulou"},"content":{"rendered":"<p>Abdelmalik Lahoulou, champion d\u2019Afrique du 400 m haies, qui apr\u00e8s avoir pris part \u00e0 deux meetings internationaux, les 21 mai \u00e0 Stockholm, et 3 juin \u00e0 Prague ponctu\u00e9 d\u2019une victoire avec un chrono de 49.20, devra disputer trois autres comp\u00e9titions durant ce mois de juin. \u00abOn est en train de trouver le rythme qu&rsquo;il faut m\u00eame avec la fatigue (\u2026) On travaille sur le manque. D&rsquo;apr\u00e8s les r\u00e9sultats de ces meetings, on est \u00e0 60% de l&rsquo;objectif. Doucement, durement mais s\u00fbrement cette fois\u00bb, a d\u00e9clar\u00e9 Lahoulou, contact\u00e9 par le site www.faa.dz, qui s\u2019est dit confiant pour la suite. Le hurdler alg\u00e9rien sera ainsi en lice le 11 juin, au meeting de Montreuil en France, avant de courir le 21 ou le 22 juin un autre 400 m haies avec une option de s\u2019aligner le 29 juin sur un 400 m plat.<br \/>Ah. A.\u00a0<\/p>\n<p>Auteur:<br \/>\n<a href=\"https:\/\/www.lesoirdalgerie.com\/sports\/le-programme-de-juin-de-lahoulou-25096\">Cliquez ici pour lire l&rsquo;article depuis sa source.<\/a><\/p>\n","protected":false},"excerpt":{"rendered":"<p>Abdelmalik Lahoulou, champion d\u2019Afrique du 400 m haies, qui apr\u00e8s avoir pris part \u00e0 deux meetings internationaux, les 21 mai \u00e0 Stockholm, et 3 juin \u00e0 Prague ponctu\u00e9 d\u2019une victoire avec un chrono de 49.20, devra disputer trois autres comp\u00e9titions durant ce mois de juin. \u00abOn est en train de trouver le rythme qu&rsquo;il faut [&hellip;]<\/p>\n","protected":false},"author":1741,"featured_media":0,"comment_status":"closed","ping_status":"closed","sticky":false,"template":"","format":"standard","meta":{"fifu_image_url":"","fifu_image_alt":"","footnotes":""},"categories":[73,53],"tags":[],"class_list":["post-39611","post","type-post","status-publish","format-standard","hentry","category-actualite","category-algerie"],"_links":{"self":[{"href":"https:\/\/linitiative.ca\/International\/wp-json\/wp\/v2\/posts\/39611","targetHints":{"allow":["GET"]}}],"collection":[{"href":"https:\/\/linitiative.ca\/International\/wp-json\/wp\/v2\/posts"}],"about":[{"href":"https:\/\/linitiative.ca\/International\/wp-json\/wp\/v2\/types\/post"}],"author":[{"embeddable":true,"href":"https:\/\/linitiative.ca\/International\/wp-json\/wp\/v2\/users\/1741"}],"replies":[{"embeddable":true,"href":"https:\/\/linitiative.ca\/International\/wp-json\/wp\/v2\/comments?post=39611"}],"version-history":[{"count":0,"href":"https:\/\/linitiative.ca\/International\/wp-json\/wp\/v2\/posts\/39611\/revisions"}],"wp:attachment":[{"href":"https:\/\/linitiative.ca\/International\/wp-json\/wp\/v2\/media?parent=39611"}],"wp:term":[{"taxonomy":"category","embeddable":true,"href":"https:\/\/linitiative.ca\/International\/wp-json\/wp\/v2\/categories?post=39611"},{"taxonomy":"post_tag","embeddable":true,"href":"https:\/\/linitiative.ca\/International\/wp-json\/wp\/v2\/tags?post=39611"}],"curies":[{"name":"wp","href":"https:\/\/api.w.org\/{rel}","templated":true}]}}