{"id":39618,"date":"2019-06-09T06:00:00","date_gmt":"2019-06-09T10:00:00","guid":{"rendered":"https:\/\/linitiative.ca\/International\/la-population-fait-face-aux-mauvaises-odeurs-et-aux-multiples-insectes\/"},"modified":"2019-06-09T06:00:00","modified_gmt":"2019-06-09T10:00:00","slug":"la-population-fait-face-aux-mauvaises-odeurs-et-aux-multiples-insectes","status":"publish","type":"post","link":"https:\/\/linitiative.ca\/International\/la-population-fait-face-aux-mauvaises-odeurs-et-aux-multiples-insectes\/","title":{"rendered":"La population fait face aux mauvaises odeurs et aux multiples insectes"},"content":{"rendered":"<p>A A\u00efn Laloui, commune situ\u00e9e \u00e0 15 kilom\u00e8tres au sud-ouest de Bouira sur la RN18, \u00e0 chaque approche de l\u2019\u00e9t\u00e9, la population redoute les mauvaises odeurs \u00e9manant de l\u2019oued qui longe le chef-lieu de l&rsquo;APC d\u2019ouest en est et du complexe avicole Carravic, mais aussi les invasions de multiples mouches et autres insectes volants et rampants.\u00a0<br \/>Cette situation qui a \u00e9t\u00e9 soulev\u00e9e l\u2019ann\u00e9e derni\u00e8re aux autorit\u00e9s de la wilaya ainsi qu&rsquo;aux responsables de la Direction de l\u2019environnement et aux responsables de la wilaya, a \u00e9t\u00e9 r\u00e9gl\u00e9e apr\u00e8s l\u2019intervention de tous ces responsables mais, actuellement, \u00ab les m\u00eames odeurs sont revenues de plus belle cr\u00e9ant une atmosph\u00e8re irrespirable et surtout insupportable pour les asthmatiques \u00bb, nous dira un citoyen habitant la ville d\u2019A\u00efn Lalaoui qui rappelle qu\u2019une p\u00e9tition appelant\u00a0 les autorit\u00e9s de la wilaya \u00e0 agir au plus vite devra \u00eatre d\u00e9pos\u00e9e cette semaine \u00e0 la Wilaya. D\u2019apr\u00e8s notre interlocuteur, l\u2019ann\u00e9e derni\u00e8re, les responsables de Carravic avaient pris leurs dispositions en \u00e9vacuant les rejets des batteries de volailles directement depuis le complexe en \u00e9pargnant aux habitants les mauvaises odeurs des fientes. Or, cette ann\u00e9e, les m\u00eames odeurs ont refait surface ces deniers jours et, renseignement pris, il s\u2019agit de rejets qui ne sont pas \u00e9vacu\u00e9s directement mais plut\u00f4t entrepos\u00e9s \u00e0 l\u2019ext\u00e9rieur pendant quelques heures ; ce qui donne tout le temps aux odeurs d\u00e9sagr\u00e9ables de se propager \u00e0 pr\u00e8s de deux kilom\u00e8tres \u00e0 la ronde rendant toute l\u2019atmosph\u00e8re de la ville d\u2019A\u00efn Laloui insupportable. Cela \u00e9tant, outre les mauvaises odeurs de ce complexe avicole, m\u00eame l\u2019oued qui longe la ville et qui vient depuis les monts de Dirah, et qui passe par la ville de Sour-el-Ghozlane et ses deux grands complexes polluants de la cimenterie et des d\u00e9tergents, ENAD, ainsi que la zone industrielle d\u2019Oued-el-Berdi avec ses dizaines d\u2019usines dont la tannerie mais aussi d\u2019autres usines polluantes et qui ne disposent pas de stations d&rsquo;\u00e9puration des eaux ; toutes ces usines d\u00e9versent leurs rejets dans ce oued qui passe par le barrage d\u2019Oued Lekehel avant de poursuivre sa course en passant par A\u00efn Laloui puis A\u00efn Hdjar, puis Bouira.\u00a0<br \/>Par ailleurs, et toujours d\u2019apr\u00e8s les citoyens de la ville, les habitants surtout ceux des rez-de-chauss\u00e9e ou ceux habitant des maisons de fortune, font \u00e9galement face \u00e0 de multiples invasions de moustiques et de mouches qui prolif\u00e8rent \u00e0 la faveur des mauvaises odeurs et des conditions id\u00e9ales pour leur multiplication, et certains font face m\u00eame \u00e0 d\u2019autres insectes rampants et des reptiles comme les serpents et les rats. En somme, un clavaire que les milliers de citoyens de la ville affrontent chaque \u00e9t\u00e9 et auquel les autorit\u00e9s locales semblent incapables de faire face tant les moyens n\u00e9cessaires, m\u00eame quand la volont\u00e9 existe,\u00a0 font souvent d\u00e9faut. Aussi, les citoyens, et \u00e0 travers les colonnes du Soir d\u2019Alg\u00e9rie, esp\u00e8rent-ils voir le wali et les responsables de la wilaya agir au plus vite pour leur venir en aide afin que leur calvaire cesse et qu\u2019ils puissent passer l\u2019\u00e9t\u00e9 dans des conditions plus ou moins supportables.\u00a0<br \/>Y. Y.<\/p>\n<p>Auteur:<br \/>\n<a href=\"https:\/\/www.lesoirdalgerie.com\/regions\/la-population-fait-face-aux-mauvaises-odeurs-et-aux-multiples-insectes-25089\">Cliquez ici pour lire l&rsquo;article depuis sa source.<\/a><\/p>\n","protected":false},"excerpt":{"rendered":"<p>A A\u00efn Laloui, commune situ\u00e9e \u00e0 15 kilom\u00e8tres au sud-ouest de Bouira sur la RN18, \u00e0 chaque approche de l\u2019\u00e9t\u00e9, la population redoute les mauvaises odeurs \u00e9manant de l\u2019oued qui longe le chef-lieu de l&rsquo;APC d\u2019ouest en est et du complexe avicole Carravic, mais aussi les invasions de multiples mouches et autres insectes volants et [&hellip;]<\/p>\n","protected":false},"author":1741,"featured_media":0,"comment_status":"closed","ping_status":"closed","sticky":false,"template":"","format":"standard","meta":{"fifu_image_url":"","fifu_image_alt":"","footnotes":""},"categories":[73,53],"tags":[],"class_list":["post-39618","post","type-post","status-publish","format-standard","hentry","category-actualite","category-algerie"],"_links":{"self":[{"href":"https:\/\/linitiative.ca\/International\/wp-json\/wp\/v2\/posts\/39618","targetHints":{"allow":["GET"]}}],"collection":[{"href":"https:\/\/linitiative.ca\/International\/wp-json\/wp\/v2\/posts"}],"about":[{"href":"https:\/\/linitiative.ca\/International\/wp-json\/wp\/v2\/types\/post"}],"author":[{"embeddable":true,"href":"https:\/\/linitiative.ca\/International\/wp-json\/wp\/v2\/users\/1741"}],"replies":[{"embeddable":true,"href":"https:\/\/linitiative.ca\/International\/wp-json\/wp\/v2\/comments?post=39618"}],"version-history":[{"count":0,"href":"https:\/\/linitiative.ca\/International\/wp-json\/wp\/v2\/posts\/39618\/revisions"}],"wp:attachment":[{"href":"https:\/\/linitiative.ca\/International\/wp-json\/wp\/v2\/media?parent=39618"}],"wp:term":[{"taxonomy":"category","embeddable":true,"href":"https:\/\/linitiative.ca\/International\/wp-json\/wp\/v2\/categories?post=39618"},{"taxonomy":"post_tag","embeddable":true,"href":"https:\/\/linitiative.ca\/International\/wp-json\/wp\/v2\/tags?post=39618"}],"curies":[{"name":"wp","href":"https:\/\/api.w.org\/{rel}","templated":true}]}}