{"id":39620,"date":"2019-06-09T14:31:10","date_gmt":"2019-06-09T18:31:10","guid":{"rendered":"https:\/\/linitiative.ca\/International\/boeing-737-max-ce-qua-decide-american-airlines\/"},"modified":"2019-06-09T14:31:10","modified_gmt":"2019-06-09T18:31:10","slug":"boeing-737-max-ce-qua-decide-american-airlines","status":"publish","type":"post","link":"https:\/\/linitiative.ca\/International\/boeing-737-max-ce-qua-decide-american-airlines\/","title":{"rendered":"Boeing 737 Max : ce qu\u2019a d\u00e9cid\u00e9 American Airlines"},"content":{"rendered":"<p>La compagnie a\u00e9rienne American Airlines a indiqu\u00e9 dimanche qu\u2019elle allait maintenir au sol ses Boeing 737 Max jusqu\u2019au 03 septembre, trois mois apr\u00e8s que les appareils du constructeur a\u00e9ronautique ont \u00e9t\u00e9 interdits de vol dans le monde entier.<\/p>\n<div class=\"c10\"\/>\n<p>Au total, American Airlines, dont 24 des 900 avions composant sa flotte a\u00e9rienne sont des appareils Boeing 737 Max, compte annuler 115 vols par jour jusqu\u2019au 03 septembre.<\/p>\n<p>\u00ab\u00a0En prolongeant les annulations, nos clients et membres de nos \u00e9quipes pourront planifier de mani\u00e8re plus fiable leurs prochains voyages avec American\u00a0\u00bb, a expliqu\u00e9 la compagnie a\u00e9rienne dans un communiqu\u00e9.<\/p>\n<p>Ces annulations de vols concernent \u00e9galement les clients dont les vols n\u2019\u00e9taient pas pr\u00e9vus sur des appareils 737 Max du fait que la compagnie est oblig\u00e9e de puiser dans le reste de sa flotte pour adapter son calendrier de voyages.<\/p>\n<p>Les voyageurs dont les vols ont \u00e9t\u00e9 annul\u00e9s peuvent \u00eatre rembours\u00e9s s\u2019ils ne souhaitent pas effectuer une nouvelle r\u00e9servation.<\/p>\n<p>La Federal Aviation Administration (FAA) n\u2019a pas encore pr\u00e9cis\u00e9 la date \u00e0 laquelle les avions 737 Max pourront red\u00e9coller. De son c\u00f4t\u00e9, le PDG de Boeing, Dennis Muilenburg, a affirm\u00e9 la semaine derni\u00e8re qu\u2019il s\u2019attendait \u00e0 ce que les appareils 737 Max reprennent du service avant la fin de l\u2019ann\u00e9e.<\/p>\n<div class=\"c17\">\n<fieldset class=\"c16\">\n<legend><strong><span class=\"c11\">Challenge<\/span><span class=\"c12\">news<\/span><\/strong><\/legend>\n<div class=\"c15\">Le meilleur de la r\u00e9daction s\u00e9lectionn\u00e9 par Challenge :<\/p>\n<\/div>\n<\/fieldset>\n<\/div>\n<p>Auteur: challenge<br \/>\n<a href=\"https:\/\/www.challenge.ma\/boeing-737-max-ce-qua-decide-american-airlines-110440\/\">Cliquez ici pour lire l&rsquo;article depuis sa source.<\/a><\/p>\n","protected":false},"excerpt":{"rendered":"<p>La compagnie a\u00e9rienne American Airlines a indiqu\u00e9 dimanche qu\u2019elle allait maintenir au sol ses Boeing 737 Max jusqu\u2019au 03 septembre, trois mois apr\u00e8s que les appareils du constructeur a\u00e9ronautique ont \u00e9t\u00e9 interdits de vol dans le monde entier. Au total, American Airlines, dont 24 des 900 avions composant sa flotte a\u00e9rienne sont des appareils Boeing [&hellip;]<\/p>\n","protected":false},"author":1787,"featured_media":0,"comment_status":"closed","ping_status":"closed","sticky":false,"template":"","format":"standard","meta":{"fifu_image_url":"","fifu_image_alt":"","footnotes":""},"categories":[78,54],"tags":[],"class_list":["post-39620","post","type-post","status-publish","format-standard","hentry","category-economie","category-maroc"],"_links":{"self":[{"href":"https:\/\/linitiative.ca\/International\/wp-json\/wp\/v2\/posts\/39620","targetHints":{"allow":["GET"]}}],"collection":[{"href":"https:\/\/linitiative.ca\/International\/wp-json\/wp\/v2\/posts"}],"about":[{"href":"https:\/\/linitiative.ca\/International\/wp-json\/wp\/v2\/types\/post"}],"author":[{"embeddable":true,"href":"https:\/\/linitiative.ca\/International\/wp-json\/wp\/v2\/users\/1787"}],"replies":[{"embeddable":true,"href":"https:\/\/linitiative.ca\/International\/wp-json\/wp\/v2\/comments?post=39620"}],"version-history":[{"count":0,"href":"https:\/\/linitiative.ca\/International\/wp-json\/wp\/v2\/posts\/39620\/revisions"}],"wp:attachment":[{"href":"https:\/\/linitiative.ca\/International\/wp-json\/wp\/v2\/media?parent=39620"}],"wp:term":[{"taxonomy":"category","embeddable":true,"href":"https:\/\/linitiative.ca\/International\/wp-json\/wp\/v2\/categories?post=39620"},{"taxonomy":"post_tag","embeddable":true,"href":"https:\/\/linitiative.ca\/International\/wp-json\/wp\/v2\/tags?post=39620"}],"curies":[{"name":"wp","href":"https:\/\/api.w.org\/{rel}","templated":true}]}}