{"id":39621,"date":"2019-06-09T10:11:38","date_gmt":"2019-06-09T14:11:38","guid":{"rendered":"https:\/\/linitiative.ca\/International\/ca-est-les-formations-rentrantes\/"},"modified":"2019-06-09T10:11:38","modified_gmt":"2019-06-09T14:11:38","slug":"ca-est-les-formations-rentrantes","status":"publish","type":"post","link":"https:\/\/linitiative.ca\/International\/ca-est-les-formations-rentrantes\/","title":{"rendered":"CA-EST : Les formations rentrantes"},"content":{"rendered":"<div class=\"nc_socialPanel swp_flatFresh swp_d_fullColor swp_i_fullColor swp_o_fullColor scale-100 scale-fullWidth\" data-position=\"none\" data-float=\"floatNone\" data-count=\"5\" data-floatcolor=\"#ffffff\" data-emphasize=\"0\">\n<div class=\"nc_tweetContainer totes totesalt\" data-id=\"6\"><span class=\"swp_count\"><span class=\"swp_label\">Partages<\/span> 0<\/span><\/div>\n<\/div>\n<p class=\"c3\">Ligue 1 : MAJ 24\u00e8me journ\u00e9e<\/p>\n<p>Stade olympique de Rad\u00e8s<\/p>\n<div class=\"code-block code-block-1 c5\"><ins class=\"adsbygoogle c4\" data-ad-layout=\"in-article\" data-ad-format=\"fluid\" data-ad-client=\"ca-pub-2102118777505746\" data-ad-slot=\"7301775417\"\/> <\/div>\n<p>Club Africain \u2013 Esp\u00e9rance Sportive de Tunis (16h00)<\/p>\n<p>Les formations rentrantes :<\/p>\n<p><strong>CA<\/strong> : Seif Charfi \u2013 Bilel Ifa \u2013 Waly Diouf \u2013 Hamza Agrebi \u2013 Ali Abdi \u2013\u00a0 Ibrahim Mouchili \u2013 Ahmed Khalil \u2013 Wissem Ben Yahia \u2013 Mannoubi Haddad \u2013 Bilel Khefifi \u2013 Yassine Chammakhi.<\/p>\n<p><strong>EST<\/strong> : Rami Jridi \u2013 Aymen Mahmoud \u2013 Mohamed Ali Yaakoubi \u2013 Sameh Derbali \u2013 Houcine Rabii \u2013 Franck Kom \u2013 Mohamed Amine Meskini \u2013 Saad Bguir \u2013Edem Rejaibi \u2013 Tayeb Meziani \u2013 Haythem Jouini.<\/p>\n<div class=\"mvp-org-wrap mvp-org-logo\" itemprop=\"publisher\" itemscope=\"\" itemtype=\"https:\/\/schema.org\/Organization\"><img decoding=\"async\" src=\"https:\/\/sport.tunisienumerique.com\/wp-content\/uploads\/2017\/05\/logo_tunisie_numerique.png\"\/><\/div>\n<div class=\"nc_socialPanel swp_flatFresh swp_d_fullColor swp_i_fullColor swp_o_fullColor scale-100 scale-fullWidth\" data-position=\"none\" data-float=\"floatNone\" data-count=\"5\" data-floatcolor=\"#ffffff\" data-emphasize=\"0\">\n<div class=\"nc_tweetContainer totes totesalt\" data-id=\"6\"><span class=\"swp_count\"><span class=\"swp_label\">Partages<\/span> 0<\/span><\/div>\n<\/div>\n<div class=\"mvp-related-posts left relative\">\n<h4 class=\"post-header\"><span class=\"post-header\">Lire aussi<\/span><\/h4>\n<\/div>\n<p>Auteur: a.<br \/>\n<a href=\"https:\/\/sport.tunisienumerique.com\/ca-formations-rentrantes\/\">Cliquez ici pour lire l&rsquo;article depuis sa source.<\/a><\/p>\n","protected":false},"excerpt":{"rendered":"<p>Partages 0 Ligue 1 : MAJ 24\u00e8me journ\u00e9e Stade olympique de Rad\u00e8s Club Africain \u2013 Esp\u00e9rance Sportive de Tunis (16h00) Les formations rentrantes : CA : Seif Charfi \u2013 Bilel Ifa \u2013 Waly Diouf \u2013 Hamza Agrebi \u2013 Ali Abdi \u2013\u00a0 Ibrahim Mouchili \u2013 Ahmed Khalil \u2013 Wissem Ben Yahia \u2013 Mannoubi Haddad \u2013 Bilel [&hellip;]<\/p>\n","protected":false},"author":1789,"featured_media":39622,"comment_status":"closed","ping_status":"closed","sticky":false,"template":"","format":"standard","meta":{"fifu_image_url":"","fifu_image_alt":"","footnotes":""},"categories":[73,55],"tags":[],"class_list":["post-39621","post","type-post","status-publish","format-standard","has-post-thumbnail","hentry","category-actualite","category-tunisie"],"_links":{"self":[{"href":"https:\/\/linitiative.ca\/International\/wp-json\/wp\/v2\/posts\/39621","targetHints":{"allow":["GET"]}}],"collection":[{"href":"https:\/\/linitiative.ca\/International\/wp-json\/wp\/v2\/posts"}],"about":[{"href":"https:\/\/linitiative.ca\/International\/wp-json\/wp\/v2\/types\/post"}],"author":[{"embeddable":true,"href":"https:\/\/linitiative.ca\/International\/wp-json\/wp\/v2\/users\/1789"}],"replies":[{"embeddable":true,"href":"https:\/\/linitiative.ca\/International\/wp-json\/wp\/v2\/comments?post=39621"}],"version-history":[{"count":0,"href":"https:\/\/linitiative.ca\/International\/wp-json\/wp\/v2\/posts\/39621\/revisions"}],"wp:featuredmedia":[{"embeddable":true,"href":"https:\/\/linitiative.ca\/International\/wp-json\/"}],"wp:attachment":[{"href":"https:\/\/linitiative.ca\/International\/wp-json\/wp\/v2\/media?parent=39621"}],"wp:term":[{"taxonomy":"category","embeddable":true,"href":"https:\/\/linitiative.ca\/International\/wp-json\/wp\/v2\/categories?post=39621"},{"taxonomy":"post_tag","embeddable":true,"href":"https:\/\/linitiative.ca\/International\/wp-json\/wp\/v2\/tags?post=39621"}],"curies":[{"name":"wp","href":"https:\/\/api.w.org\/{rel}","templated":true}]}}