{"id":39633,"date":"2019-06-09T16:01:18","date_gmt":"2019-06-09T20:01:18","guid":{"rendered":"https:\/\/linitiative.ca\/International\/tunisie-audio-ennahdha-se-retourne-contre-chahed-et-lattaque-a-son-tendon-dachille\/"},"modified":"2019-06-09T16:01:18","modified_gmt":"2019-06-09T20:01:18","slug":"tunisie-audio-ennahdha-se-retourne-contre-chahed-et-lattaque-a-son-tendon-dachille","status":"publish","type":"post","link":"https:\/\/linitiative.ca\/International\/tunisie-audio-ennahdha-se-retourne-contre-chahed-et-lattaque-a-son-tendon-dachille\/","title":{"rendered":"Tunisie \u2013 AUDIO\u00a0: Ennahdha se retourne contre Chahed et l\u2019attaque \u00e0 son tendon d\u2019Achille"},"content":{"rendered":"<div class=\"post-cont-in left relative\">\n<div class=\"swp_social_panel swp_horizontal_panel swp_flat_fresh swp_default_full_color swp_individual_full_color swp_other_full_color scale-100 scale-\" data-min-width=\"1100\" data-float-color=\"#ffffff\" data-float=\"none\" data-float-mobile=\"none\" data-transition=\"slide\">\n<div class=\"nc_tweetContainer swp_share_button total_shares total_sharesalt\"><span class=\"swp_count\">55 <span class=\"swp_label\">Partages<\/span><\/span><\/div>\n<\/div>\n<p>\u00c2jmi Lourimi, le leader au sein du parti islamiste d\u2019Ennahdha qui fait, pourtant, partie de la coalition gouvernementale, s\u2019est franchement attaqu\u00e9 ce dimanche, dans un revirement auquel on s\u2019attendait, au gouvernement de Youssef Chahed, en la personne de son ministre du commerce, Omar Behi.<\/p>\n<p>Lourimi a d\u00e9clar\u00e9, ce dimanche, \u00e0 Kasserine, que les r\u00e9sultats et les choix du gouvernement sont tr\u00e8s en de\u00e7\u00e0 des attentes du tunisien, notamment, en ce qui concerne la chert\u00e9 de la vie, ajoutant qu\u2019au vu de l\u2019abondance des marchandises et des denr\u00e9es alimentaires, le ministre du commerce a \u00e9t\u00e9 incapable de ma\u00eetriser les prix durant le mois de Ramadan.<\/p>\n<div class=\"code-block code-block-1 c3\"><ins class=\"adsbygoogle c2\" data-ad-layout=\"in-article\" data-ad-format=\"fluid\" data-ad-client=\"ca-pub-2102118777505746\" data-ad-slot=\"7301775417\"\/> <\/div>\n<p>D\u00e9passant l\u2019incapacit\u00e9 du ministre du commerce, Lourimi s\u2019en est, directement, pris au chef du gouvernement lui faisant endosser la responsabilit\u00e9 de ce qui se passe, et l\u2019invitant \u00e0 prendre les mesures n\u00e9cessaires et \u00ab\u00a0courageuses\u00a0\u00bb pour satisfaire les attentes du peuple, et pour \u00ab\u00a0prendre en consid\u00e9ration le pouvoir d\u2019achat des plus d\u00e9munis\u00a0\u00bb.<\/p>\n<p>Le jour est, donc, venu o\u00f9 Ennahdha s\u2019est retourn\u00e9e contre Chahed. Et \u00e7\u00e0 n\u2019a pas tra\u00een\u00e9\u00a0! Juste quelques jours apr\u00e8s son \u00e9lection \u00e0 la pr\u00e9sidence du parti Tahya Tounes, et sa presqu\u2019\u00e9vidente, future candidature aux pr\u00e9sidentielles.<\/p>\n<p>Et ce qui \u00e9tait attendu, aussi, c\u2019est que telles des hy\u00e8nes, Ennahdha s\u2019attaque \u00e0 sa proie en la en focalisant sur ses points faibles. Et ce qui est dommage c\u2019est qu\u2019il en a, des points faibles, Youssef Chahed, et on n\u2019a pas arr\u00eat\u00e9 de les citer et de pr\u00e9venir qu\u2019il \u00e9tait en train de se coltiner des boulets de fer aux chevilles \u00e0 l\u2019instar, justement, du ministre du commerce, mais aussi ceux de l\u2019agriculture, du d\u00e9veloppement, des TIC\u2019s, et d\u2019autres encore\u2026<\/p>\n<p><a href=\"https:\/\/www.tunisienumerique.com\/wp-content\/uploads\/2019\/06\/Ajmi-lourimi.mp3\">https:\/\/www.tunisienumerique.com\/wp-content\/uploads\/2019\/06\/Ajmi-lourimi.mp3<\/a><\/p>\n<div class=\"mvp-org-wrap mvp-org-logo\" itemprop=\"publisher\" itemscope=\"\" itemtype=\"https:\/\/schema.org\/Organization\"><img decoding=\"async\" src=\"https:\/\/www.tunisienumerique.com\/wp-content\/uploads\/2017\/02\/logo_tunisie_numerique.png\"\/><\/div>\n<div class=\"swp_social_panel swp_horizontal_panel swp_flat_fresh swp_default_full_color swp_individual_full_color swp_other_full_color scale-100 scale-\" data-min-width=\"1100\" data-float-color=\"#ffffff\" data-float=\"none\" data-float-mobile=\"none\" data-transition=\"slide\">\n<div class=\"nc_tweetContainer swp_share_button total_shares total_sharesalt\"><span class=\"swp_count\">55 <span class=\"swp_label\">Partages<\/span><\/span><\/div>\n<\/div>\n<div class=\"mvp-related-posts left relative\">\n<h4 class=\"post-header\"><span class=\"post-header\">Lire aussi<\/span><\/h4>\n<\/div>\n<\/div>\n<p>Auteur: Ramsis<br \/>\n<a href=\"https:\/\/www.tunisienumerique.com\/tunisie-audio-ennahdha-se-retourne-contre-chahed-et-lattaque-a-son-tendon-dachille\/\">Cliquez ici pour lire l&rsquo;article depuis sa source.<\/a><\/p>\n","protected":false},"excerpt":{"rendered":"<p>55 Partages \u00c2jmi Lourimi, le leader au sein du parti islamiste d\u2019Ennahdha qui fait, pourtant, partie de la coalition gouvernementale, s\u2019est franchement attaqu\u00e9 ce dimanche, dans un revirement auquel on s\u2019attendait, au gouvernement de Youssef Chahed, en la personne de son ministre du commerce, Omar Behi. Lourimi a d\u00e9clar\u00e9, ce dimanche, \u00e0 Kasserine, que les [&hellip;]<\/p>\n","protected":false},"author":1789,"featured_media":39634,"comment_status":"closed","ping_status":"closed","sticky":false,"template":"","format":"standard","meta":{"fifu_image_url":"","fifu_image_alt":"","footnotes":""},"categories":[73,55],"tags":[],"class_list":["post-39633","post","type-post","status-publish","format-standard","has-post-thumbnail","hentry","category-actualite","category-tunisie"],"_links":{"self":[{"href":"https:\/\/linitiative.ca\/International\/wp-json\/wp\/v2\/posts\/39633","targetHints":{"allow":["GET"]}}],"collection":[{"href":"https:\/\/linitiative.ca\/International\/wp-json\/wp\/v2\/posts"}],"about":[{"href":"https:\/\/linitiative.ca\/International\/wp-json\/wp\/v2\/types\/post"}],"author":[{"embeddable":true,"href":"https:\/\/linitiative.ca\/International\/wp-json\/wp\/v2\/users\/1789"}],"replies":[{"embeddable":true,"href":"https:\/\/linitiative.ca\/International\/wp-json\/wp\/v2\/comments?post=39633"}],"version-history":[{"count":0,"href":"https:\/\/linitiative.ca\/International\/wp-json\/wp\/v2\/posts\/39633\/revisions"}],"wp:featuredmedia":[{"embeddable":true,"href":"https:\/\/linitiative.ca\/International\/wp-json\/"}],"wp:attachment":[{"href":"https:\/\/linitiative.ca\/International\/wp-json\/wp\/v2\/media?parent=39633"}],"wp:term":[{"taxonomy":"category","embeddable":true,"href":"https:\/\/linitiative.ca\/International\/wp-json\/wp\/v2\/categories?post=39633"},{"taxonomy":"post_tag","embeddable":true,"href":"https:\/\/linitiative.ca\/International\/wp-json\/wp\/v2\/tags?post=39633"}],"curies":[{"name":"wp","href":"https:\/\/api.w.org\/{rel}","templated":true}]}}