{"id":39639,"date":"2019-06-09T16:55:07","date_gmt":"2019-06-09T20:55:07","guid":{"rendered":"https:\/\/linitiative.ca\/International\/football-le-portugal-remporte-la-ligue-des-nations\/"},"modified":"2019-06-09T16:55:07","modified_gmt":"2019-06-09T20:55:07","slug":"football-le-portugal-remporte-la-ligue-des-nations","status":"publish","type":"post","link":"https:\/\/linitiative.ca\/International\/football-le-portugal-remporte-la-ligue-des-nations\/","title":{"rendered":"Football : Le Portugal remporte la Ligue des nations"},"content":{"rendered":"<div class=\"post-cont-in left relative\">\n<div class=\"swp_social_panel swp_horizontal_panel swp_flat_fresh swp_default_full_color swp_individual_full_color swp_other_full_color scale-100 scale-\" data-min-width=\"1100\" data-float-color=\"#ffffff\" data-float=\"none\" data-float-mobile=\"none\" data-transition=\"slide\">\n<div class=\"nc_tweetContainer swp_share_button total_shares total_sharesalt\"><span class=\"swp_count\">6 <span class=\"swp_label\">Partages<\/span><\/span><\/div>\n<\/div>\n<p><span>Le Portugal a remport\u00e9 la premi\u00e8re Ligue des nations en battant les Pays-Bas (1-0) en finale, ce dimanche.<\/span><span>\u00a0<\/span><\/p>\n<p><span>Un but de\u00a0<\/span><span>Gon\u00e7alo<\/span><span>\u00a0<\/span><span>Guedes<\/span><span>\u00a0(60e) a suffi pour permettre \u00e0 la\u00a0<\/span><span>Selec\u00e7ao<\/span><span>\u00a0de gagner la finale de la Ligue des Nations.<\/span><span>\u00a0<\/span><\/p>\n<div class=\"code-block code-block-1 c3\"><ins class=\"adsbygoogle c2\" data-ad-layout=\"in-article\" data-ad-format=\"fluid\" data-ad-client=\"ca-pub-2102118777505746\" data-ad-slot=\"7301775417\"\/> <\/div>\n<p><span>Le Portugal a fait la diff\u00e9rence \u00e0 la 60e gr\u00e2ce \u00e0 une passe d\u00e9cisive tr\u00e8s subtile de Bernardo Silva pour\u00a0<\/span><span>Gon\u00e7alo<\/span><span>\u00a0<\/span><span>Guedes<\/span><span>. L\u2019attaquant a envoy\u00e9 une lourde frappe que Jasper\u00a0<\/span><span>Cillessen<\/span><span>\u00a0n\u2019a pu que d\u00e9vier dans son petit filet int\u00e9rieur. Le gardien n\u00e9erlandais aurait clairement d\u00fb faire mieux sur cette frappe, mais ce n\u2019\u00e9tait pas le probl\u00e8me du stade du Dragon, qui a exult\u00e9 et cri\u00e9 sa joie pendant de longues secondes.<\/span><span>\u00a0<\/span><\/p>\n<p><span>La\u00a0<\/span><span>Selec\u00e7ao<\/span><span>\u00a0a pu empocher le deuxi\u00e8me titre de son histoire apr\u00e8s l\u2019Euro 2016, dans un vacarme sympathique et vraiment impressionnant au stade du Dragon.<\/span><span>\u00a0<\/span><\/p>\n<p><span>L\u2019Angleterre termine troisi\u00e8me de ce mini-tournoi, la Suisse quatri\u00e8me.<\/span><span>\u00a0<\/span><\/p>\n<p>Ces 4 s\u00e9lections sont qualifi\u00e9es directement pour l\u2019Euro 2020.<\/p>\n<div class=\"mvp-org-wrap mvp-org-logo\" itemprop=\"publisher\" itemscope=\"\" itemtype=\"https:\/\/schema.org\/Organization\"><img decoding=\"async\" src=\"https:\/\/www.tunisienumerique.com\/wp-content\/uploads\/2017\/02\/logo_tunisie_numerique.png\"\/><\/div>\n<div class=\"swp_social_panel swp_horizontal_panel swp_flat_fresh swp_default_full_color swp_individual_full_color swp_other_full_color scale-100 scale-\" data-min-width=\"1100\" data-float-color=\"#ffffff\" data-float=\"none\" data-float-mobile=\"none\" data-transition=\"slide\">\n<div class=\"nc_tweetContainer swp_share_button total_shares total_sharesalt\"><span class=\"swp_count\">6 <span class=\"swp_label\">Partages<\/span><\/span><\/div>\n<\/div>\n<div class=\"mvp-related-posts left relative\">\n<h4 class=\"post-header\"><span class=\"post-header\">Lire aussi<\/span><\/h4>\n<\/div>\n<\/div>\n<p>Auteur:<br \/>\n<a href=\"https:\/\/www.tunisienumerique.com\/football-portugal-remporte-ligue-nations\/\">Cliquez ici pour lire l&rsquo;article depuis sa source.<\/a><\/p>\n","protected":false},"excerpt":{"rendered":"<p>6 Partages Le Portugal a remport\u00e9 la premi\u00e8re Ligue des nations en battant les Pays-Bas (1-0) en finale, ce dimanche.\u00a0 Un but de\u00a0Gon\u00e7alo\u00a0Guedes\u00a0(60e) a suffi pour permettre \u00e0 la\u00a0Selec\u00e7ao\u00a0de gagner la finale de la Ligue des Nations.\u00a0 Le Portugal a fait la diff\u00e9rence \u00e0 la 60e gr\u00e2ce \u00e0 une passe d\u00e9cisive tr\u00e8s subtile de Bernardo [&hellip;]<\/p>\n","protected":false},"author":1789,"featured_media":39640,"comment_status":"closed","ping_status":"closed","sticky":false,"template":"","format":"standard","meta":{"fifu_image_url":"","fifu_image_alt":"","footnotes":""},"categories":[73,55],"tags":[],"class_list":["post-39639","post","type-post","status-publish","format-standard","has-post-thumbnail","hentry","category-actualite","category-tunisie"],"_links":{"self":[{"href":"https:\/\/linitiative.ca\/International\/wp-json\/wp\/v2\/posts\/39639","targetHints":{"allow":["GET"]}}],"collection":[{"href":"https:\/\/linitiative.ca\/International\/wp-json\/wp\/v2\/posts"}],"about":[{"href":"https:\/\/linitiative.ca\/International\/wp-json\/wp\/v2\/types\/post"}],"author":[{"embeddable":true,"href":"https:\/\/linitiative.ca\/International\/wp-json\/wp\/v2\/users\/1789"}],"replies":[{"embeddable":true,"href":"https:\/\/linitiative.ca\/International\/wp-json\/wp\/v2\/comments?post=39639"}],"version-history":[{"count":0,"href":"https:\/\/linitiative.ca\/International\/wp-json\/wp\/v2\/posts\/39639\/revisions"}],"wp:featuredmedia":[{"embeddable":true,"href":"https:\/\/linitiative.ca\/International\/wp-json\/"}],"wp:attachment":[{"href":"https:\/\/linitiative.ca\/International\/wp-json\/wp\/v2\/media?parent=39639"}],"wp:term":[{"taxonomy":"category","embeddable":true,"href":"https:\/\/linitiative.ca\/International\/wp-json\/wp\/v2\/categories?post=39639"},{"taxonomy":"post_tag","embeddable":true,"href":"https:\/\/linitiative.ca\/International\/wp-json\/wp\/v2\/tags?post=39639"}],"curies":[{"name":"wp","href":"https:\/\/api.w.org\/{rel}","templated":true}]}}